{"id":7858,"date":"2026-03-12T06:57:10","date_gmt":"2026-03-12T05:57:10","guid":{"rendered":"https:\/\/sendanoticiosa.com\/index.php\/2026\/03\/12\/luis-malagon-se-pierde-el-mundial-2026-se-rompe-en-philadelphia-union-america\/"},"modified":"2026-03-12T06:57:10","modified_gmt":"2026-03-12T05:57:10","slug":"luis-malagon-se-pierde-el-mundial-2026-se-rompe-en-philadelphia-union-america","status":"publish","type":"post","link":"https:\/\/sendanoticiosa.com\/index.php\/2026\/03\/12\/luis-malagon-se-pierde-el-mundial-2026-se-rompe-en-philadelphia-union-america\/","title":{"rendered":"Luis Malag\u00f3n se pierde el Mundial 2026: se rompe en Philadelphia Union &#8211; Am\u00e9rica"},"content":{"rendered":"<p>Este martes Luis \u00c1ngel Malag\u00f3n regres\u00f3 a la titularidad del Am\u00e9rica luego de quedarse en la banca en el partido ante Gallos blancos y en el duelo de ida de los octavos de final de la Copa de Campeones de Concacaf, antes de finalizar el primer tiempo, sufri\u00f3 una grave lesi\u00f3n, por lo que tuvo que ser sustituido y el arquero seleccionado nacional se fue llorando de la cancha y en camilla y m\u00e1s tarde se confirm\u00f3 que es una rotura del tend\u00f3n de Aquiles, por lo que se perder\u00e1 la Copa del Mundo 2026. El partido estaba por llegar&#8230;<\/p>\n<p>Fuente: <a href=\"https:\/\/www.marca.com\/mx\/futbol\/liga-campeones-concacaf\/2026\/03\/11\/69b0aed3268e3e451d8b45a4.html\" target=\"_blank\" rel=\"nofollow noopener\">https:\/\/www.marca.com\/mx\/futbol\/liga-campeones-concacaf\/2026\/03\/11\/69b0aed3268e3e451d8b45a4.html<\/a><\/p>\n","protected":false},"excerpt":{"rendered":"<p>Este martes Luis \u00c1ngel Malag\u00f3n regres\u00f3 a la titularidad del Am\u00e9rica luego de quedarse en la banca en el partido ante Gallos blancos y en el duelo de ida de los octavos de final de la Copa de Campeones de Concacaf, antes de finalizar el primer tiempo, sufri\u00f3 una grave lesi\u00f3n, por lo que tuvo [&hellip;]<\/p>\n","protected":false},"author":0,"featured_media":7859,"comment_status":"open","ping_status":"open","sticky":false,"template":"","format":"standard","meta":{"inline_featured_image":false,"footnotes":""},"categories":[62],"tags":[],"class_list":["post-7858","post","type-post","status-publish","format-standard","has-post-thumbnail","hentry","category-deportes"],"yoast_head":"<!-- This site is optimized with the Yoast SEO plugin v27.5 - https:\/\/yoast.com\/product\/yoast-seo-wordpress\/ -->\n<title>Luis Malag\u00f3n se pierde el Mundial 2026: se rompe en Philadelphia Union - Am\u00e9rica - Senda Noticiosa<\/title>\n<meta name=\"robots\" content=\"index, follow, max-snippet:-1, max-image-preview:large, max-video-preview:-1\" \/>\n<link rel=\"canonical\" href=\"https:\/\/sendanoticiosa.com\/index.php\/2026\/03\/12\/luis-malagon-se-pierde-el-mundial-2026-se-rompe-en-philadelphia-union-america\/\" \/>\n<meta property=\"og:locale\" content=\"en_US\" \/>\n<meta property=\"og:type\" content=\"article\" \/>\n<meta property=\"og:title\" content=\"Luis Malag\u00f3n se pierde el Mundial 2026: se rompe en Philadelphia Union - Am\u00e9rica - Senda Noticiosa\" \/>\n<meta property=\"og:description\" content=\"Este martes Luis \u00c1ngel Malag\u00f3n regres\u00f3 a la titularidad del Am\u00e9rica luego de quedarse en la banca en el partido ante Gallos blancos y en el duelo de ida de los octavos de final de la Copa de Campeones de Concacaf, antes de finalizar el primer tiempo, sufri\u00f3 una grave lesi\u00f3n, por lo que tuvo [&hellip;]\" \/>\n<meta property=\"og:url\" content=\"https:\/\/sendanoticiosa.com\/index.php\/2026\/03\/12\/luis-malagon-se-pierde-el-mundial-2026-se-rompe-en-philadelphia-union-america\/\" \/>\n<meta property=\"og:site_name\" content=\"Senda Noticiosa\" \/>\n<meta property=\"article:published_time\" content=\"2026-03-12T05:57:10+00:00\" \/>\n<meta name=\"twitter:card\" content=\"summary_large_image\" \/>\n<meta name=\"twitter:label1\" content=\"Est. reading time\" \/>\n\t<meta name=\"twitter:data1\" content=\"1 minute\" \/>\n<script type=\"application\/ld+json\" class=\"yoast-schema-graph\">{\"@context\":\"https:\\\/\\\/schema.org\",\"@graph\":[{\"@type\":\"Article\",\"@id\":\"https:\\\/\\\/sendanoticiosa.com\\\/index.php\\\/2026\\\/03\\\/12\\\/luis-malagon-se-pierde-el-mundial-2026-se-rompe-en-philadelphia-union-america\\\/#article\",\"isPartOf\":{\"@id\":\"https:\\\/\\\/sendanoticiosa.com\\\/index.php\\\/2026\\\/03\\\/12\\\/luis-malagon-se-pierde-el-mundial-2026-se-rompe-en-philadelphia-union-america\\\/\"},\"author\":{\"name\":\"\",\"@id\":\"\"},\"headline\":\"Luis Malag\u00f3n se pierde el Mundial 2026: se rompe en Philadelphia Union &#8211; Am\u00e9rica\",\"datePublished\":\"2026-03-12T05:57:10+00:00\",\"mainEntityOfPage\":{\"@id\":\"https:\\\/\\\/sendanoticiosa.com\\\/index.php\\\/2026\\\/03\\\/12\\\/luis-malagon-se-pierde-el-mundial-2026-se-rompe-en-philadelphia-union-america\\\/\"},\"wordCount\":135,\"commentCount\":0,\"image\":{\"@id\":\"https:\\\/\\\/sendanoticiosa.com\\\/index.php\\\/2026\\\/03\\\/12\\\/luis-malagon-se-pierde-el-mundial-2026-se-rompe-en-philadelphia-union-america\\\/#primaryimage\"},\"thumbnailUrl\":\"https:\\\/\\\/sendanoticiosa.com\\\/wp-content\\\/uploads\\\/2026\\\/03\\\/x1080.jpg\",\"articleSection\":[\"Deportes\"],\"inLanguage\":\"en-US\",\"potentialAction\":[{\"@type\":\"CommentAction\",\"name\":\"Comment\",\"target\":[\"https:\\\/\\\/sendanoticiosa.com\\\/index.php\\\/2026\\\/03\\\/12\\\/luis-malagon-se-pierde-el-mundial-2026-se-rompe-en-philadelphia-union-america\\\/#respond\"]}]},{\"@type\":\"WebPage\",\"@id\":\"https:\\\/\\\/sendanoticiosa.com\\\/index.php\\\/2026\\\/03\\\/12\\\/luis-malagon-se-pierde-el-mundial-2026-se-rompe-en-philadelphia-union-america\\\/\",\"url\":\"https:\\\/\\\/sendanoticiosa.com\\\/index.php\\\/2026\\\/03\\\/12\\\/luis-malagon-se-pierde-el-mundial-2026-se-rompe-en-philadelphia-union-america\\\/\",\"name\":\"Luis Malag\u00f3n se pierde el Mundial 2026: se rompe en Philadelphia Union - Am\u00e9rica - Senda Noticiosa\",\"isPartOf\":{\"@id\":\"https:\\\/\\\/sendanoticiosa.com\\\/#website\"},\"primaryImageOfPage\":{\"@id\":\"https:\\\/\\\/sendanoticiosa.com\\\/index.php\\\/2026\\\/03\\\/12\\\/luis-malagon-se-pierde-el-mundial-2026-se-rompe-en-philadelphia-union-america\\\/#primaryimage\"},\"image\":{\"@id\":\"https:\\\/\\\/sendanoticiosa.com\\\/index.php\\\/2026\\\/03\\\/12\\\/luis-malagon-se-pierde-el-mundial-2026-se-rompe-en-philadelphia-union-america\\\/#primaryimage\"},\"thumbnailUrl\":\"https:\\\/\\\/sendanoticiosa.com\\\/wp-content\\\/uploads\\\/2026\\\/03\\\/x1080.jpg\",\"datePublished\":\"2026-03-12T05:57:10+00:00\",\"author\":{\"@id\":\"\"},\"breadcrumb\":{\"@id\":\"https:\\\/\\\/sendanoticiosa.com\\\/index.php\\\/2026\\\/03\\\/12\\\/luis-malagon-se-pierde-el-mundial-2026-se-rompe-en-philadelphia-union-america\\\/#breadcrumb\"},\"inLanguage\":\"en-US\",\"potentialAction\":[{\"@type\":\"ReadAction\",\"target\":[\"https:\\\/\\\/sendanoticiosa.com\\\/index.php\\\/2026\\\/03\\\/12\\\/luis-malagon-se-pierde-el-mundial-2026-se-rompe-en-philadelphia-union-america\\\/\"]}]},{\"@type\":\"ImageObject\",\"inLanguage\":\"en-US\",\"@id\":\"https:\\\/\\\/sendanoticiosa.com\\\/index.php\\\/2026\\\/03\\\/12\\\/luis-malagon-se-pierde-el-mundial-2026-se-rompe-en-philadelphia-union-america\\\/#primaryimage\",\"url\":\"https:\\\/\\\/sendanoticiosa.com\\\/wp-content\\\/uploads\\\/2026\\\/03\\\/x1080.jpg\",\"contentUrl\":\"https:\\\/\\\/sendanoticiosa.com\\\/wp-content\\\/uploads\\\/2026\\\/03\\\/x1080.jpg\",\"width\":1920,\"height\":1080,\"caption\":\"Luis Malag\u00f3n se pierde el Mundial 2026: se rompe en Philadelphia Union - Am\u00e9rica\"},{\"@type\":\"BreadcrumbList\",\"@id\":\"https:\\\/\\\/sendanoticiosa.com\\\/index.php\\\/2026\\\/03\\\/12\\\/luis-malagon-se-pierde-el-mundial-2026-se-rompe-en-philadelphia-union-america\\\/#breadcrumb\",\"itemListElement\":[{\"@type\":\"ListItem\",\"position\":1,\"name\":\"Portada\",\"item\":\"https:\\\/\\\/sendanoticiosa.com\\\/\"},{\"@type\":\"ListItem\",\"position\":2,\"name\":\"Luis Malag\u00f3n se pierde el Mundial 2026: se rompe en Philadelphia Union &#8211; Am\u00e9rica\"}]},{\"@type\":\"WebSite\",\"@id\":\"https:\\\/\\\/sendanoticiosa.com\\\/#website\",\"url\":\"https:\\\/\\\/sendanoticiosa.com\\\/\",\"name\":\"Senda Noticiosa\",\"description\":\"\",\"potentialAction\":[{\"@type\":\"SearchAction\",\"target\":{\"@type\":\"EntryPoint\",\"urlTemplate\":\"https:\\\/\\\/sendanoticiosa.com\\\/?s={search_term_string}\"},\"query-input\":{\"@type\":\"PropertyValueSpecification\",\"valueRequired\":true,\"valueName\":\"search_term_string\"}}],\"inLanguage\":\"en-US\"}]}<\/script>\n<!-- \/ Yoast SEO plugin. -->","yoast_head_json":{"title":"Luis Malag\u00f3n se pierde el Mundial 2026: se rompe en Philadelphia Union - Am\u00e9rica - Senda Noticiosa","robots":{"index":"index","follow":"follow","max-snippet":"max-snippet:-1","max-image-preview":"max-image-preview:large","max-video-preview":"max-video-preview:-1"},"canonical":"https:\/\/sendanoticiosa.com\/index.php\/2026\/03\/12\/luis-malagon-se-pierde-el-mundial-2026-se-rompe-en-philadelphia-union-america\/","og_locale":"en_US","og_type":"article","og_title":"Luis Malag\u00f3n se pierde el Mundial 2026: se rompe en Philadelphia Union - Am\u00e9rica - Senda Noticiosa","og_description":"Este martes Luis \u00c1ngel Malag\u00f3n regres\u00f3 a la titularidad del Am\u00e9rica luego de quedarse en la banca en el partido ante Gallos blancos y en el duelo de ida de los octavos de final de la Copa de Campeones de Concacaf, antes de finalizar el primer tiempo, sufri\u00f3 una grave lesi\u00f3n, por lo que tuvo [&hellip;]","og_url":"https:\/\/sendanoticiosa.com\/index.php\/2026\/03\/12\/luis-malagon-se-pierde-el-mundial-2026-se-rompe-en-philadelphia-union-america\/","og_site_name":"Senda Noticiosa","article_published_time":"2026-03-12T05:57:10+00:00","twitter_card":"summary_large_image","twitter_misc":{"Est. reading time":"1 minute"},"schema":{"@context":"https:\/\/schema.org","@graph":[{"@type":"Article","@id":"https:\/\/sendanoticiosa.com\/index.php\/2026\/03\/12\/luis-malagon-se-pierde-el-mundial-2026-se-rompe-en-philadelphia-union-america\/#article","isPartOf":{"@id":"https:\/\/sendanoticiosa.com\/index.php\/2026\/03\/12\/luis-malagon-se-pierde-el-mundial-2026-se-rompe-en-philadelphia-union-america\/"},"author":{"name":"","@id":""},"headline":"Luis Malag\u00f3n se pierde el Mundial 2026: se rompe en Philadelphia Union &#8211; Am\u00e9rica","datePublished":"2026-03-12T05:57:10+00:00","mainEntityOfPage":{"@id":"https:\/\/sendanoticiosa.com\/index.php\/2026\/03\/12\/luis-malagon-se-pierde-el-mundial-2026-se-rompe-en-philadelphia-union-america\/"},"wordCount":135,"commentCount":0,"image":{"@id":"https:\/\/sendanoticiosa.com\/index.php\/2026\/03\/12\/luis-malagon-se-pierde-el-mundial-2026-se-rompe-en-philadelphia-union-america\/#primaryimage"},"thumbnailUrl":"https:\/\/sendanoticiosa.com\/wp-content\/uploads\/2026\/03\/x1080.jpg","articleSection":["Deportes"],"inLanguage":"en-US","potentialAction":[{"@type":"CommentAction","name":"Comment","target":["https:\/\/sendanoticiosa.com\/index.php\/2026\/03\/12\/luis-malagon-se-pierde-el-mundial-2026-se-rompe-en-philadelphia-union-america\/#respond"]}]},{"@type":"WebPage","@id":"https:\/\/sendanoticiosa.com\/index.php\/2026\/03\/12\/luis-malagon-se-pierde-el-mundial-2026-se-rompe-en-philadelphia-union-america\/","url":"https:\/\/sendanoticiosa.com\/index.php\/2026\/03\/12\/luis-malagon-se-pierde-el-mundial-2026-se-rompe-en-philadelphia-union-america\/","name":"Luis Malag\u00f3n se pierde el Mundial 2026: se rompe en Philadelphia Union - Am\u00e9rica - Senda Noticiosa","isPartOf":{"@id":"https:\/\/sendanoticiosa.com\/#website"},"primaryImageOfPage":{"@id":"https:\/\/sendanoticiosa.com\/index.php\/2026\/03\/12\/luis-malagon-se-pierde-el-mundial-2026-se-rompe-en-philadelphia-union-america\/#primaryimage"},"image":{"@id":"https:\/\/sendanoticiosa.com\/index.php\/2026\/03\/12\/luis-malagon-se-pierde-el-mundial-2026-se-rompe-en-philadelphia-union-america\/#primaryimage"},"thumbnailUrl":"https:\/\/sendanoticiosa.com\/wp-content\/uploads\/2026\/03\/x1080.jpg","datePublished":"2026-03-12T05:57:10+00:00","author":{"@id":""},"breadcrumb":{"@id":"https:\/\/sendanoticiosa.com\/index.php\/2026\/03\/12\/luis-malagon-se-pierde-el-mundial-2026-se-rompe-en-philadelphia-union-america\/#breadcrumb"},"inLanguage":"en-US","potentialAction":[{"@type":"ReadAction","target":["https:\/\/sendanoticiosa.com\/index.php\/2026\/03\/12\/luis-malagon-se-pierde-el-mundial-2026-se-rompe-en-philadelphia-union-america\/"]}]},{"@type":"ImageObject","inLanguage":"en-US","@id":"https:\/\/sendanoticiosa.com\/index.php\/2026\/03\/12\/luis-malagon-se-pierde-el-mundial-2026-se-rompe-en-philadelphia-union-america\/#primaryimage","url":"https:\/\/sendanoticiosa.com\/wp-content\/uploads\/2026\/03\/x1080.jpg","contentUrl":"https:\/\/sendanoticiosa.com\/wp-content\/uploads\/2026\/03\/x1080.jpg","width":1920,"height":1080,"caption":"Luis Malag\u00f3n se pierde el Mundial 2026: se rompe en Philadelphia Union - Am\u00e9rica"},{"@type":"BreadcrumbList","@id":"https:\/\/sendanoticiosa.com\/index.php\/2026\/03\/12\/luis-malagon-se-pierde-el-mundial-2026-se-rompe-en-philadelphia-union-america\/#breadcrumb","itemListElement":[{"@type":"ListItem","position":1,"name":"Portada","item":"https:\/\/sendanoticiosa.com\/"},{"@type":"ListItem","position":2,"name":"Luis Malag\u00f3n se pierde el Mundial 2026: se rompe en Philadelphia Union &#8211; Am\u00e9rica"}]},{"@type":"WebSite","@id":"https:\/\/sendanoticiosa.com\/#website","url":"https:\/\/sendanoticiosa.com\/","name":"Senda Noticiosa","description":"","potentialAction":[{"@type":"SearchAction","target":{"@type":"EntryPoint","urlTemplate":"https:\/\/sendanoticiosa.com\/?s={search_term_string}"},"query-input":{"@type":"PropertyValueSpecification","valueRequired":true,"valueName":"search_term_string"}}],"inLanguage":"en-US"}]}},"_links":{"self":[{"href":"https:\/\/sendanoticiosa.com\/index.php\/wp-json\/wp\/v2\/posts\/7858","targetHints":{"allow":["GET"]}}],"collection":[{"href":"https:\/\/sendanoticiosa.com\/index.php\/wp-json\/wp\/v2\/posts"}],"about":[{"href":"https:\/\/sendanoticiosa.com\/index.php\/wp-json\/wp\/v2\/types\/post"}],"replies":[{"embeddable":true,"href":"https:\/\/sendanoticiosa.com\/index.php\/wp-json\/wp\/v2\/comments?post=7858"}],"version-history":[{"count":0,"href":"https:\/\/sendanoticiosa.com\/index.php\/wp-json\/wp\/v2\/posts\/7858\/revisions"}],"wp:featuredmedia":[{"embeddable":true,"href":"https:\/\/sendanoticiosa.com\/index.php\/wp-json\/wp\/v2\/media\/7859"}],"wp:attachment":[{"href":"https:\/\/sendanoticiosa.com\/index.php\/wp-json\/wp\/v2\/media?parent=7858"}],"wp:term":[{"taxonomy":"category","embeddable":true,"href":"https:\/\/sendanoticiosa.com\/index.php\/wp-json\/wp\/v2\/categories?post=7858"},{"taxonomy":"post_tag","embeddable":true,"href":"https:\/\/sendanoticiosa.com\/index.php\/wp-json\/wp\/v2\/tags?post=7858"}],"curies":[{"name":"wp","href":"https:\/\/api.w.org\/{rel}","templated":true}]}}