{"id":7860,"date":"2026-03-12T07:04:37","date_gmt":"2026-03-12T06:04:37","guid":{"rendered":"https:\/\/sendanoticiosa.com\/index.php\/2026\/03\/12\/cuales-son-las-opciones-que-tiene-javier-aguirre-para-el-mundial-2026-tras-la-baja-de-malagon\/"},"modified":"2026-03-12T07:04:37","modified_gmt":"2026-03-12T06:04:37","slug":"cuales-son-las-opciones-que-tiene-javier-aguirre-para-el-mundial-2026-tras-la-baja-de-malagon","status":"publish","type":"post","link":"https:\/\/sendanoticiosa.com\/index.php\/2026\/03\/12\/cuales-son-las-opciones-que-tiene-javier-aguirre-para-el-mundial-2026-tras-la-baja-de-malagon\/","title":{"rendered":"\u00bfCu\u00e1les son las opciones que tiene Javier Aguirre para el Mundial 2026 tras la baja de Malag\u00f3n?"},"content":{"rendered":"<p>\u00bfMalag\u00f3n queda fuera del Mundial 2026? Las opciones de Javier Aguirre para la Copa del Mundo La baja de Luis \u00c1ngel Malag\u00f3n para el Mundial 2026 Y es que Malag\u00f3n es baja de la Copa del Mundo a cuatro meses de la cita mundialista por lesi\u00f3n. El cancerbero azulcrema sufri\u00f3 la rotura del tend\u00f3n de Aquiles del pie izquierdo este martes en juego de la Liga de Campeones de la Concacaf entre Am\u00e9rica y el Philadelphia Uni\u00f3n de la Major League Soccer. Es as\u00ed que el Vasco Aguirre ahora deber\u00e1 buscar llenar los dos espacios que tiene en la porter\u00eda,&#8230;<\/p>\n<p>Fuente: <a href=\"https:\/\/www.marca.com\/mx\/futbol\/seleccion-mx\/2026\/03\/11\/69b0c661ca47419f528b456c.html\" target=\"_blank\" rel=\"nofollow noopener\">https:\/\/www.marca.com\/mx\/futbol\/seleccion-mx\/2026\/03\/11\/69b0c661ca47419f528b456c.html<\/a><\/p>\n","protected":false},"excerpt":{"rendered":"<p>\u00bfMalag\u00f3n queda fuera del Mundial 2026? Las opciones de Javier Aguirre para la Copa del Mundo La baja de Luis \u00c1ngel Malag\u00f3n para el Mundial 2026 Y es que Malag\u00f3n es baja de la Copa del Mundo a cuatro meses de la cita mundialista por lesi\u00f3n. El cancerbero azulcrema sufri\u00f3 la rotura del tend\u00f3n de [&hellip;]<\/p>\n","protected":false},"author":0,"featured_media":7861,"comment_status":"open","ping_status":"open","sticky":false,"template":"","format":"standard","meta":{"inline_featured_image":false,"footnotes":""},"categories":[62],"tags":[],"class_list":["post-7860","post","type-post","status-publish","format-standard","has-post-thumbnail","hentry","category-deportes"],"yoast_head":"<!-- This site is optimized with the Yoast SEO plugin v27.5 - https:\/\/yoast.com\/product\/yoast-seo-wordpress\/ -->\n<title>\u00bfCu\u00e1les son las opciones que tiene Javier Aguirre para el Mundial 2026 tras la baja de Malag\u00f3n? - Senda Noticiosa<\/title>\n<meta name=\"robots\" content=\"index, follow, max-snippet:-1, max-image-preview:large, max-video-preview:-1\" \/>\n<link rel=\"canonical\" href=\"https:\/\/sendanoticiosa.com\/index.php\/2026\/03\/12\/cuales-son-las-opciones-que-tiene-javier-aguirre-para-el-mundial-2026-tras-la-baja-de-malagon\/\" \/>\n<meta property=\"og:locale\" content=\"en_US\" \/>\n<meta property=\"og:type\" content=\"article\" \/>\n<meta property=\"og:title\" content=\"\u00bfCu\u00e1les son las opciones que tiene Javier Aguirre para el Mundial 2026 tras la baja de Malag\u00f3n? - Senda Noticiosa\" \/>\n<meta property=\"og:description\" content=\"\u00bfMalag\u00f3n queda fuera del Mundial 2026? Las opciones de Javier Aguirre para la Copa del Mundo La baja de Luis \u00c1ngel Malag\u00f3n para el Mundial 2026 Y es que Malag\u00f3n es baja de la Copa del Mundo a cuatro meses de la cita mundialista por lesi\u00f3n. El cancerbero azulcrema sufri\u00f3 la rotura del tend\u00f3n de [&hellip;]\" \/>\n<meta property=\"og:url\" content=\"https:\/\/sendanoticiosa.com\/index.php\/2026\/03\/12\/cuales-son-las-opciones-que-tiene-javier-aguirre-para-el-mundial-2026-tras-la-baja-de-malagon\/\" \/>\n<meta property=\"og:site_name\" content=\"Senda Noticiosa\" \/>\n<meta property=\"article:published_time\" content=\"2026-03-12T06:04:37+00:00\" \/>\n<meta name=\"twitter:card\" content=\"summary_large_image\" \/>\n<meta name=\"twitter:label1\" content=\"Est. reading time\" \/>\n\t<meta name=\"twitter:data1\" content=\"1 minute\" \/>\n<script type=\"application\/ld+json\" class=\"yoast-schema-graph\">{\"@context\":\"https:\\\/\\\/schema.org\",\"@graph\":[{\"@type\":\"Article\",\"@id\":\"https:\\\/\\\/sendanoticiosa.com\\\/index.php\\\/2026\\\/03\\\/12\\\/cuales-son-las-opciones-que-tiene-javier-aguirre-para-el-mundial-2026-tras-la-baja-de-malagon\\\/#article\",\"isPartOf\":{\"@id\":\"https:\\\/\\\/sendanoticiosa.com\\\/index.php\\\/2026\\\/03\\\/12\\\/cuales-son-las-opciones-que-tiene-javier-aguirre-para-el-mundial-2026-tras-la-baja-de-malagon\\\/\"},\"author\":{\"name\":\"\",\"@id\":\"\"},\"headline\":\"\u00bfCu\u00e1les son las opciones que tiene Javier Aguirre para el Mundial 2026 tras la baja de Malag\u00f3n?\",\"datePublished\":\"2026-03-12T06:04:37+00:00\",\"mainEntityOfPage\":{\"@id\":\"https:\\\/\\\/sendanoticiosa.com\\\/index.php\\\/2026\\\/03\\\/12\\\/cuales-son-las-opciones-que-tiene-javier-aguirre-para-el-mundial-2026-tras-la-baja-de-malagon\\\/\"},\"wordCount\":139,\"commentCount\":0,\"image\":{\"@id\":\"https:\\\/\\\/sendanoticiosa.com\\\/index.php\\\/2026\\\/03\\\/12\\\/cuales-son-las-opciones-que-tiene-javier-aguirre-para-el-mundial-2026-tras-la-baja-de-malagon\\\/#primaryimage\"},\"thumbnailUrl\":\"https:\\\/\\\/sendanoticiosa.com\\\/wp-content\\\/uploads\\\/2026\\\/03\\\/x1080-1.jpg\",\"articleSection\":[\"Deportes\"],\"inLanguage\":\"en-US\",\"potentialAction\":[{\"@type\":\"CommentAction\",\"name\":\"Comment\",\"target\":[\"https:\\\/\\\/sendanoticiosa.com\\\/index.php\\\/2026\\\/03\\\/12\\\/cuales-son-las-opciones-que-tiene-javier-aguirre-para-el-mundial-2026-tras-la-baja-de-malagon\\\/#respond\"]}]},{\"@type\":\"WebPage\",\"@id\":\"https:\\\/\\\/sendanoticiosa.com\\\/index.php\\\/2026\\\/03\\\/12\\\/cuales-son-las-opciones-que-tiene-javier-aguirre-para-el-mundial-2026-tras-la-baja-de-malagon\\\/\",\"url\":\"https:\\\/\\\/sendanoticiosa.com\\\/index.php\\\/2026\\\/03\\\/12\\\/cuales-son-las-opciones-que-tiene-javier-aguirre-para-el-mundial-2026-tras-la-baja-de-malagon\\\/\",\"name\":\"\u00bfCu\u00e1les son las opciones que tiene Javier Aguirre para el Mundial 2026 tras la baja de Malag\u00f3n? - Senda Noticiosa\",\"isPartOf\":{\"@id\":\"https:\\\/\\\/sendanoticiosa.com\\\/#website\"},\"primaryImageOfPage\":{\"@id\":\"https:\\\/\\\/sendanoticiosa.com\\\/index.php\\\/2026\\\/03\\\/12\\\/cuales-son-las-opciones-que-tiene-javier-aguirre-para-el-mundial-2026-tras-la-baja-de-malagon\\\/#primaryimage\"},\"image\":{\"@id\":\"https:\\\/\\\/sendanoticiosa.com\\\/index.php\\\/2026\\\/03\\\/12\\\/cuales-son-las-opciones-que-tiene-javier-aguirre-para-el-mundial-2026-tras-la-baja-de-malagon\\\/#primaryimage\"},\"thumbnailUrl\":\"https:\\\/\\\/sendanoticiosa.com\\\/wp-content\\\/uploads\\\/2026\\\/03\\\/x1080-1.jpg\",\"datePublished\":\"2026-03-12T06:04:37+00:00\",\"author\":{\"@id\":\"\"},\"breadcrumb\":{\"@id\":\"https:\\\/\\\/sendanoticiosa.com\\\/index.php\\\/2026\\\/03\\\/12\\\/cuales-son-las-opciones-que-tiene-javier-aguirre-para-el-mundial-2026-tras-la-baja-de-malagon\\\/#breadcrumb\"},\"inLanguage\":\"en-US\",\"potentialAction\":[{\"@type\":\"ReadAction\",\"target\":[\"https:\\\/\\\/sendanoticiosa.com\\\/index.php\\\/2026\\\/03\\\/12\\\/cuales-son-las-opciones-que-tiene-javier-aguirre-para-el-mundial-2026-tras-la-baja-de-malagon\\\/\"]}]},{\"@type\":\"ImageObject\",\"inLanguage\":\"en-US\",\"@id\":\"https:\\\/\\\/sendanoticiosa.com\\\/index.php\\\/2026\\\/03\\\/12\\\/cuales-son-las-opciones-que-tiene-javier-aguirre-para-el-mundial-2026-tras-la-baja-de-malagon\\\/#primaryimage\",\"url\":\"https:\\\/\\\/sendanoticiosa.com\\\/wp-content\\\/uploads\\\/2026\\\/03\\\/x1080-1.jpg\",\"contentUrl\":\"https:\\\/\\\/sendanoticiosa.com\\\/wp-content\\\/uploads\\\/2026\\\/03\\\/x1080-1.jpg\",\"width\":1919,\"height\":1080,\"caption\":\"\u00bfCu\u00e1les son las opciones que tiene Javier Aguirre para el Mundial 2026 tras la baja de Malag\u00f3n?\"},{\"@type\":\"BreadcrumbList\",\"@id\":\"https:\\\/\\\/sendanoticiosa.com\\\/index.php\\\/2026\\\/03\\\/12\\\/cuales-son-las-opciones-que-tiene-javier-aguirre-para-el-mundial-2026-tras-la-baja-de-malagon\\\/#breadcrumb\",\"itemListElement\":[{\"@type\":\"ListItem\",\"position\":1,\"name\":\"Portada\",\"item\":\"https:\\\/\\\/sendanoticiosa.com\\\/\"},{\"@type\":\"ListItem\",\"position\":2,\"name\":\"\u00bfCu\u00e1les son las opciones que tiene Javier Aguirre para el Mundial 2026 tras la baja de Malag\u00f3n?\"}]},{\"@type\":\"WebSite\",\"@id\":\"https:\\\/\\\/sendanoticiosa.com\\\/#website\",\"url\":\"https:\\\/\\\/sendanoticiosa.com\\\/\",\"name\":\"Senda Noticiosa\",\"description\":\"\",\"potentialAction\":[{\"@type\":\"SearchAction\",\"target\":{\"@type\":\"EntryPoint\",\"urlTemplate\":\"https:\\\/\\\/sendanoticiosa.com\\\/?s={search_term_string}\"},\"query-input\":{\"@type\":\"PropertyValueSpecification\",\"valueRequired\":true,\"valueName\":\"search_term_string\"}}],\"inLanguage\":\"en-US\"}]}<\/script>\n<!-- \/ Yoast SEO plugin. -->","yoast_head_json":{"title":"\u00bfCu\u00e1les son las opciones que tiene Javier Aguirre para el Mundial 2026 tras la baja de Malag\u00f3n? - Senda Noticiosa","robots":{"index":"index","follow":"follow","max-snippet":"max-snippet:-1","max-image-preview":"max-image-preview:large","max-video-preview":"max-video-preview:-1"},"canonical":"https:\/\/sendanoticiosa.com\/index.php\/2026\/03\/12\/cuales-son-las-opciones-que-tiene-javier-aguirre-para-el-mundial-2026-tras-la-baja-de-malagon\/","og_locale":"en_US","og_type":"article","og_title":"\u00bfCu\u00e1les son las opciones que tiene Javier Aguirre para el Mundial 2026 tras la baja de Malag\u00f3n? - Senda Noticiosa","og_description":"\u00bfMalag\u00f3n queda fuera del Mundial 2026? Las opciones de Javier Aguirre para la Copa del Mundo La baja de Luis \u00c1ngel Malag\u00f3n para el Mundial 2026 Y es que Malag\u00f3n es baja de la Copa del Mundo a cuatro meses de la cita mundialista por lesi\u00f3n. El cancerbero azulcrema sufri\u00f3 la rotura del tend\u00f3n de [&hellip;]","og_url":"https:\/\/sendanoticiosa.com\/index.php\/2026\/03\/12\/cuales-son-las-opciones-que-tiene-javier-aguirre-para-el-mundial-2026-tras-la-baja-de-malagon\/","og_site_name":"Senda Noticiosa","article_published_time":"2026-03-12T06:04:37+00:00","twitter_card":"summary_large_image","twitter_misc":{"Est. reading time":"1 minute"},"schema":{"@context":"https:\/\/schema.org","@graph":[{"@type":"Article","@id":"https:\/\/sendanoticiosa.com\/index.php\/2026\/03\/12\/cuales-son-las-opciones-que-tiene-javier-aguirre-para-el-mundial-2026-tras-la-baja-de-malagon\/#article","isPartOf":{"@id":"https:\/\/sendanoticiosa.com\/index.php\/2026\/03\/12\/cuales-son-las-opciones-que-tiene-javier-aguirre-para-el-mundial-2026-tras-la-baja-de-malagon\/"},"author":{"name":"","@id":""},"headline":"\u00bfCu\u00e1les son las opciones que tiene Javier Aguirre para el Mundial 2026 tras la baja de Malag\u00f3n?","datePublished":"2026-03-12T06:04:37+00:00","mainEntityOfPage":{"@id":"https:\/\/sendanoticiosa.com\/index.php\/2026\/03\/12\/cuales-son-las-opciones-que-tiene-javier-aguirre-para-el-mundial-2026-tras-la-baja-de-malagon\/"},"wordCount":139,"commentCount":0,"image":{"@id":"https:\/\/sendanoticiosa.com\/index.php\/2026\/03\/12\/cuales-son-las-opciones-que-tiene-javier-aguirre-para-el-mundial-2026-tras-la-baja-de-malagon\/#primaryimage"},"thumbnailUrl":"https:\/\/sendanoticiosa.com\/wp-content\/uploads\/2026\/03\/x1080-1.jpg","articleSection":["Deportes"],"inLanguage":"en-US","potentialAction":[{"@type":"CommentAction","name":"Comment","target":["https:\/\/sendanoticiosa.com\/index.php\/2026\/03\/12\/cuales-son-las-opciones-que-tiene-javier-aguirre-para-el-mundial-2026-tras-la-baja-de-malagon\/#respond"]}]},{"@type":"WebPage","@id":"https:\/\/sendanoticiosa.com\/index.php\/2026\/03\/12\/cuales-son-las-opciones-que-tiene-javier-aguirre-para-el-mundial-2026-tras-la-baja-de-malagon\/","url":"https:\/\/sendanoticiosa.com\/index.php\/2026\/03\/12\/cuales-son-las-opciones-que-tiene-javier-aguirre-para-el-mundial-2026-tras-la-baja-de-malagon\/","name":"\u00bfCu\u00e1les son las opciones que tiene Javier Aguirre para el Mundial 2026 tras la baja de Malag\u00f3n? - Senda Noticiosa","isPartOf":{"@id":"https:\/\/sendanoticiosa.com\/#website"},"primaryImageOfPage":{"@id":"https:\/\/sendanoticiosa.com\/index.php\/2026\/03\/12\/cuales-son-las-opciones-que-tiene-javier-aguirre-para-el-mundial-2026-tras-la-baja-de-malagon\/#primaryimage"},"image":{"@id":"https:\/\/sendanoticiosa.com\/index.php\/2026\/03\/12\/cuales-son-las-opciones-que-tiene-javier-aguirre-para-el-mundial-2026-tras-la-baja-de-malagon\/#primaryimage"},"thumbnailUrl":"https:\/\/sendanoticiosa.com\/wp-content\/uploads\/2026\/03\/x1080-1.jpg","datePublished":"2026-03-12T06:04:37+00:00","author":{"@id":""},"breadcrumb":{"@id":"https:\/\/sendanoticiosa.com\/index.php\/2026\/03\/12\/cuales-son-las-opciones-que-tiene-javier-aguirre-para-el-mundial-2026-tras-la-baja-de-malagon\/#breadcrumb"},"inLanguage":"en-US","potentialAction":[{"@type":"ReadAction","target":["https:\/\/sendanoticiosa.com\/index.php\/2026\/03\/12\/cuales-son-las-opciones-que-tiene-javier-aguirre-para-el-mundial-2026-tras-la-baja-de-malagon\/"]}]},{"@type":"ImageObject","inLanguage":"en-US","@id":"https:\/\/sendanoticiosa.com\/index.php\/2026\/03\/12\/cuales-son-las-opciones-que-tiene-javier-aguirre-para-el-mundial-2026-tras-la-baja-de-malagon\/#primaryimage","url":"https:\/\/sendanoticiosa.com\/wp-content\/uploads\/2026\/03\/x1080-1.jpg","contentUrl":"https:\/\/sendanoticiosa.com\/wp-content\/uploads\/2026\/03\/x1080-1.jpg","width":1919,"height":1080,"caption":"\u00bfCu\u00e1les son las opciones que tiene Javier Aguirre para el Mundial 2026 tras la baja de Malag\u00f3n?"},{"@type":"BreadcrumbList","@id":"https:\/\/sendanoticiosa.com\/index.php\/2026\/03\/12\/cuales-son-las-opciones-que-tiene-javier-aguirre-para-el-mundial-2026-tras-la-baja-de-malagon\/#breadcrumb","itemListElement":[{"@type":"ListItem","position":1,"name":"Portada","item":"https:\/\/sendanoticiosa.com\/"},{"@type":"ListItem","position":2,"name":"\u00bfCu\u00e1les son las opciones que tiene Javier Aguirre para el Mundial 2026 tras la baja de Malag\u00f3n?"}]},{"@type":"WebSite","@id":"https:\/\/sendanoticiosa.com\/#website","url":"https:\/\/sendanoticiosa.com\/","name":"Senda Noticiosa","description":"","potentialAction":[{"@type":"SearchAction","target":{"@type":"EntryPoint","urlTemplate":"https:\/\/sendanoticiosa.com\/?s={search_term_string}"},"query-input":{"@type":"PropertyValueSpecification","valueRequired":true,"valueName":"search_term_string"}}],"inLanguage":"en-US"}]}},"_links":{"self":[{"href":"https:\/\/sendanoticiosa.com\/index.php\/wp-json\/wp\/v2\/posts\/7860","targetHints":{"allow":["GET"]}}],"collection":[{"href":"https:\/\/sendanoticiosa.com\/index.php\/wp-json\/wp\/v2\/posts"}],"about":[{"href":"https:\/\/sendanoticiosa.com\/index.php\/wp-json\/wp\/v2\/types\/post"}],"replies":[{"embeddable":true,"href":"https:\/\/sendanoticiosa.com\/index.php\/wp-json\/wp\/v2\/comments?post=7860"}],"version-history":[{"count":0,"href":"https:\/\/sendanoticiosa.com\/index.php\/wp-json\/wp\/v2\/posts\/7860\/revisions"}],"wp:featuredmedia":[{"embeddable":true,"href":"https:\/\/sendanoticiosa.com\/index.php\/wp-json\/wp\/v2\/media\/7861"}],"wp:attachment":[{"href":"https:\/\/sendanoticiosa.com\/index.php\/wp-json\/wp\/v2\/media?parent=7860"}],"wp:term":[{"taxonomy":"category","embeddable":true,"href":"https:\/\/sendanoticiosa.com\/index.php\/wp-json\/wp\/v2\/categories?post=7860"},{"taxonomy":"post_tag","embeddable":true,"href":"https:\/\/sendanoticiosa.com\/index.php\/wp-json\/wp\/v2\/tags?post=7860"}],"curies":[{"name":"wp","href":"https:\/\/api.w.org\/{rel}","templated":true}]}}