{"id":7863,"date":"2026-03-17T07:02:56","date_gmt":"2026-03-17T06:02:56","guid":{"rendered":"https:\/\/sendanoticiosa.com\/index.php\/2026\/03\/17\/resumen-y-goles-america-mazatlan-victoria-brasilena-gracias-a-vinicius-y-raphael-veiga\/"},"modified":"2026-03-17T07:02:56","modified_gmt":"2026-03-17T06:02:56","slug":"resumen-y-goles-america-mazatlan-victoria-brasilena-gracias-a-vinicius-y-raphael-veiga","status":"publish","type":"post","link":"https:\/\/sendanoticiosa.com\/index.php\/2026\/03\/17\/resumen-y-goles-america-mazatlan-victoria-brasilena-gracias-a-vinicius-y-raphael-veiga\/","title":{"rendered":"Resumen y goles Am\u00e9rica &#8211; Mazatl\u00e1n: Victoria brasile\u00f1a gracias a Vinicius y Raphael Veiga"},"content":{"rendered":"<p>Rpahael Veiga y Vinicius Lima se convirtieron en h\u00e9roes de la victoria de Am\u00e9rica sobre Mazatl\u00e1n. Ambos, jugadores sello de Andr\u00e9 Jardine. El t\u00e9cnico los trajo para rescatar el futbol de las \u00c1guilas en este Clausura 2026; y al menos, en lo que refiere a esta Fecha 11, en el Estadio Ciudad de los Deportes, alcanza para los tres puntos y pensar en Liguilla. 2-0 Final. Am\u00e9rica vence a Mazatl\u00e1n en Fecha 11 del Clausura 2026 Sin embargo, Brian Rodr\u00edguez se encarg\u00f3 de fallar de forma terrible la chance. Pero ser\u00eda el mismo uruguayo clave en inaugurar el 1-0, con&#8230;<\/p>\n<p>Fuente: <a href=\"https:\/\/www.marca.com\/mx\/futbol\/liga-mx\/cronica\/2026\/03\/16\/69b7712be2704e1b7b8b4593.html\" target=\"_blank\" rel=\"nofollow noopener\">https:\/\/www.marca.com\/mx\/futbol\/liga-mx\/cronica\/2026\/03\/16\/69b7712be2704e1b7b8b4593.html<\/a><\/p>\n","protected":false},"excerpt":{"rendered":"<p>Rpahael Veiga y Vinicius Lima se convirtieron en h\u00e9roes de la victoria de Am\u00e9rica sobre Mazatl\u00e1n. Ambos, jugadores sello de Andr\u00e9 Jardine. El t\u00e9cnico los trajo para rescatar el futbol de las \u00c1guilas en este Clausura 2026; y al menos, en lo que refiere a esta Fecha 11, en el Estadio Ciudad de los Deportes, [&hellip;]<\/p>\n","protected":false},"author":0,"featured_media":7864,"comment_status":"open","ping_status":"open","sticky":false,"template":"","format":"standard","meta":{"inline_featured_image":false,"footnotes":""},"categories":[62],"tags":[],"class_list":["post-7863","post","type-post","status-publish","format-standard","has-post-thumbnail","hentry","category-deportes"],"yoast_head":"<!-- This site is optimized with the Yoast SEO plugin v27.5 - https:\/\/yoast.com\/product\/yoast-seo-wordpress\/ -->\n<title>Resumen y goles Am\u00e9rica - Mazatl\u00e1n: Victoria brasile\u00f1a gracias a Vinicius y Raphael Veiga - Senda Noticiosa<\/title>\n<meta name=\"robots\" content=\"index, follow, max-snippet:-1, max-image-preview:large, max-video-preview:-1\" \/>\n<link rel=\"canonical\" href=\"https:\/\/sendanoticiosa.com\/index.php\/2026\/03\/17\/resumen-y-goles-america-mazatlan-victoria-brasilena-gracias-a-vinicius-y-raphael-veiga\/\" \/>\n<meta property=\"og:locale\" content=\"en_US\" \/>\n<meta property=\"og:type\" content=\"article\" \/>\n<meta property=\"og:title\" content=\"Resumen y goles Am\u00e9rica - Mazatl\u00e1n: Victoria brasile\u00f1a gracias a Vinicius y Raphael Veiga - Senda Noticiosa\" \/>\n<meta property=\"og:description\" content=\"Rpahael Veiga y Vinicius Lima se convirtieron en h\u00e9roes de la victoria de Am\u00e9rica sobre Mazatl\u00e1n. Ambos, jugadores sello de Andr\u00e9 Jardine. El t\u00e9cnico los trajo para rescatar el futbol de las \u00c1guilas en este Clausura 2026; y al menos, en lo que refiere a esta Fecha 11, en el Estadio Ciudad de los Deportes, [&hellip;]\" \/>\n<meta property=\"og:url\" content=\"https:\/\/sendanoticiosa.com\/index.php\/2026\/03\/17\/resumen-y-goles-america-mazatlan-victoria-brasilena-gracias-a-vinicius-y-raphael-veiga\/\" \/>\n<meta property=\"og:site_name\" content=\"Senda Noticiosa\" \/>\n<meta property=\"article:published_time\" content=\"2026-03-17T06:02:56+00:00\" \/>\n<meta name=\"twitter:card\" content=\"summary_large_image\" \/>\n<meta name=\"twitter:label1\" content=\"Est. reading time\" \/>\n\t<meta name=\"twitter:data1\" content=\"1 minute\" \/>\n<script type=\"application\/ld+json\" class=\"yoast-schema-graph\">{\"@context\":\"https:\\\/\\\/schema.org\",\"@graph\":[{\"@type\":\"Article\",\"@id\":\"https:\\\/\\\/sendanoticiosa.com\\\/index.php\\\/2026\\\/03\\\/17\\\/resumen-y-goles-america-mazatlan-victoria-brasilena-gracias-a-vinicius-y-raphael-veiga\\\/#article\",\"isPartOf\":{\"@id\":\"https:\\\/\\\/sendanoticiosa.com\\\/index.php\\\/2026\\\/03\\\/17\\\/resumen-y-goles-america-mazatlan-victoria-brasilena-gracias-a-vinicius-y-raphael-veiga\\\/\"},\"author\":{\"name\":\"\",\"@id\":\"\"},\"headline\":\"Resumen y goles Am\u00e9rica &#8211; Mazatl\u00e1n: Victoria brasile\u00f1a gracias a Vinicius y Raphael Veiga\",\"datePublished\":\"2026-03-17T06:02:56+00:00\",\"mainEntityOfPage\":{\"@id\":\"https:\\\/\\\/sendanoticiosa.com\\\/index.php\\\/2026\\\/03\\\/17\\\/resumen-y-goles-america-mazatlan-victoria-brasilena-gracias-a-vinicius-y-raphael-veiga\\\/\"},\"wordCount\":137,\"commentCount\":0,\"image\":{\"@id\":\"https:\\\/\\\/sendanoticiosa.com\\\/index.php\\\/2026\\\/03\\\/17\\\/resumen-y-goles-america-mazatlan-victoria-brasilena-gracias-a-vinicius-y-raphael-veiga\\\/#primaryimage\"},\"thumbnailUrl\":\"https:\\\/\\\/sendanoticiosa.com\\\/wp-content\\\/uploads\\\/2026\\\/03\\\/17736297465372.jpg\",\"articleSection\":[\"Deportes\"],\"inLanguage\":\"en-US\",\"potentialAction\":[{\"@type\":\"CommentAction\",\"name\":\"Comment\",\"target\":[\"https:\\\/\\\/sendanoticiosa.com\\\/index.php\\\/2026\\\/03\\\/17\\\/resumen-y-goles-america-mazatlan-victoria-brasilena-gracias-a-vinicius-y-raphael-veiga\\\/#respond\"]}]},{\"@type\":\"WebPage\",\"@id\":\"https:\\\/\\\/sendanoticiosa.com\\\/index.php\\\/2026\\\/03\\\/17\\\/resumen-y-goles-america-mazatlan-victoria-brasilena-gracias-a-vinicius-y-raphael-veiga\\\/\",\"url\":\"https:\\\/\\\/sendanoticiosa.com\\\/index.php\\\/2026\\\/03\\\/17\\\/resumen-y-goles-america-mazatlan-victoria-brasilena-gracias-a-vinicius-y-raphael-veiga\\\/\",\"name\":\"Resumen y goles Am\u00e9rica - Mazatl\u00e1n: Victoria brasile\u00f1a gracias a Vinicius y Raphael Veiga - Senda Noticiosa\",\"isPartOf\":{\"@id\":\"https:\\\/\\\/sendanoticiosa.com\\\/#website\"},\"primaryImageOfPage\":{\"@id\":\"https:\\\/\\\/sendanoticiosa.com\\\/index.php\\\/2026\\\/03\\\/17\\\/resumen-y-goles-america-mazatlan-victoria-brasilena-gracias-a-vinicius-y-raphael-veiga\\\/#primaryimage\"},\"image\":{\"@id\":\"https:\\\/\\\/sendanoticiosa.com\\\/index.php\\\/2026\\\/03\\\/17\\\/resumen-y-goles-america-mazatlan-victoria-brasilena-gracias-a-vinicius-y-raphael-veiga\\\/#primaryimage\"},\"thumbnailUrl\":\"https:\\\/\\\/sendanoticiosa.com\\\/wp-content\\\/uploads\\\/2026\\\/03\\\/17736297465372.jpg\",\"datePublished\":\"2026-03-17T06:02:56+00:00\",\"author\":{\"@id\":\"\"},\"breadcrumb\":{\"@id\":\"https:\\\/\\\/sendanoticiosa.com\\\/index.php\\\/2026\\\/03\\\/17\\\/resumen-y-goles-america-mazatlan-victoria-brasilena-gracias-a-vinicius-y-raphael-veiga\\\/#breadcrumb\"},\"inLanguage\":\"en-US\",\"potentialAction\":[{\"@type\":\"ReadAction\",\"target\":[\"https:\\\/\\\/sendanoticiosa.com\\\/index.php\\\/2026\\\/03\\\/17\\\/resumen-y-goles-america-mazatlan-victoria-brasilena-gracias-a-vinicius-y-raphael-veiga\\\/\"]}]},{\"@type\":\"ImageObject\",\"inLanguage\":\"en-US\",\"@id\":\"https:\\\/\\\/sendanoticiosa.com\\\/index.php\\\/2026\\\/03\\\/17\\\/resumen-y-goles-america-mazatlan-victoria-brasilena-gracias-a-vinicius-y-raphael-veiga\\\/#primaryimage\",\"url\":\"https:\\\/\\\/sendanoticiosa.com\\\/wp-content\\\/uploads\\\/2026\\\/03\\\/17736297465372.jpg\",\"contentUrl\":\"https:\\\/\\\/sendanoticiosa.com\\\/wp-content\\\/uploads\\\/2026\\\/03\\\/17736297465372.jpg\",\"width\":1200,\"height\":800,\"caption\":\"Resumen y goles Am\u00e9rica - Mazatl\u00e1n: Victoria brasile\u00f1a gracias a Vinicius y Raphael Veiga\"},{\"@type\":\"BreadcrumbList\",\"@id\":\"https:\\\/\\\/sendanoticiosa.com\\\/index.php\\\/2026\\\/03\\\/17\\\/resumen-y-goles-america-mazatlan-victoria-brasilena-gracias-a-vinicius-y-raphael-veiga\\\/#breadcrumb\",\"itemListElement\":[{\"@type\":\"ListItem\",\"position\":1,\"name\":\"Portada\",\"item\":\"https:\\\/\\\/sendanoticiosa.com\\\/\"},{\"@type\":\"ListItem\",\"position\":2,\"name\":\"Resumen y goles Am\u00e9rica &#8211; Mazatl\u00e1n: Victoria brasile\u00f1a gracias a Vinicius y Raphael Veiga\"}]},{\"@type\":\"WebSite\",\"@id\":\"https:\\\/\\\/sendanoticiosa.com\\\/#website\",\"url\":\"https:\\\/\\\/sendanoticiosa.com\\\/\",\"name\":\"Senda Noticiosa\",\"description\":\"\",\"potentialAction\":[{\"@type\":\"SearchAction\",\"target\":{\"@type\":\"EntryPoint\",\"urlTemplate\":\"https:\\\/\\\/sendanoticiosa.com\\\/?s={search_term_string}\"},\"query-input\":{\"@type\":\"PropertyValueSpecification\",\"valueRequired\":true,\"valueName\":\"search_term_string\"}}],\"inLanguage\":\"en-US\"}]}<\/script>\n<!-- \/ Yoast SEO plugin. -->","yoast_head_json":{"title":"Resumen y goles Am\u00e9rica - Mazatl\u00e1n: Victoria brasile\u00f1a gracias a Vinicius y Raphael Veiga - Senda Noticiosa","robots":{"index":"index","follow":"follow","max-snippet":"max-snippet:-1","max-image-preview":"max-image-preview:large","max-video-preview":"max-video-preview:-1"},"canonical":"https:\/\/sendanoticiosa.com\/index.php\/2026\/03\/17\/resumen-y-goles-america-mazatlan-victoria-brasilena-gracias-a-vinicius-y-raphael-veiga\/","og_locale":"en_US","og_type":"article","og_title":"Resumen y goles Am\u00e9rica - Mazatl\u00e1n: Victoria brasile\u00f1a gracias a Vinicius y Raphael Veiga - Senda Noticiosa","og_description":"Rpahael Veiga y Vinicius Lima se convirtieron en h\u00e9roes de la victoria de Am\u00e9rica sobre Mazatl\u00e1n. Ambos, jugadores sello de Andr\u00e9 Jardine. El t\u00e9cnico los trajo para rescatar el futbol de las \u00c1guilas en este Clausura 2026; y al menos, en lo que refiere a esta Fecha 11, en el Estadio Ciudad de los Deportes, [&hellip;]","og_url":"https:\/\/sendanoticiosa.com\/index.php\/2026\/03\/17\/resumen-y-goles-america-mazatlan-victoria-brasilena-gracias-a-vinicius-y-raphael-veiga\/","og_site_name":"Senda Noticiosa","article_published_time":"2026-03-17T06:02:56+00:00","twitter_card":"summary_large_image","twitter_misc":{"Est. reading time":"1 minute"},"schema":{"@context":"https:\/\/schema.org","@graph":[{"@type":"Article","@id":"https:\/\/sendanoticiosa.com\/index.php\/2026\/03\/17\/resumen-y-goles-america-mazatlan-victoria-brasilena-gracias-a-vinicius-y-raphael-veiga\/#article","isPartOf":{"@id":"https:\/\/sendanoticiosa.com\/index.php\/2026\/03\/17\/resumen-y-goles-america-mazatlan-victoria-brasilena-gracias-a-vinicius-y-raphael-veiga\/"},"author":{"name":"","@id":""},"headline":"Resumen y goles Am\u00e9rica &#8211; Mazatl\u00e1n: Victoria brasile\u00f1a gracias a Vinicius y Raphael Veiga","datePublished":"2026-03-17T06:02:56+00:00","mainEntityOfPage":{"@id":"https:\/\/sendanoticiosa.com\/index.php\/2026\/03\/17\/resumen-y-goles-america-mazatlan-victoria-brasilena-gracias-a-vinicius-y-raphael-veiga\/"},"wordCount":137,"commentCount":0,"image":{"@id":"https:\/\/sendanoticiosa.com\/index.php\/2026\/03\/17\/resumen-y-goles-america-mazatlan-victoria-brasilena-gracias-a-vinicius-y-raphael-veiga\/#primaryimage"},"thumbnailUrl":"https:\/\/sendanoticiosa.com\/wp-content\/uploads\/2026\/03\/17736297465372.jpg","articleSection":["Deportes"],"inLanguage":"en-US","potentialAction":[{"@type":"CommentAction","name":"Comment","target":["https:\/\/sendanoticiosa.com\/index.php\/2026\/03\/17\/resumen-y-goles-america-mazatlan-victoria-brasilena-gracias-a-vinicius-y-raphael-veiga\/#respond"]}]},{"@type":"WebPage","@id":"https:\/\/sendanoticiosa.com\/index.php\/2026\/03\/17\/resumen-y-goles-america-mazatlan-victoria-brasilena-gracias-a-vinicius-y-raphael-veiga\/","url":"https:\/\/sendanoticiosa.com\/index.php\/2026\/03\/17\/resumen-y-goles-america-mazatlan-victoria-brasilena-gracias-a-vinicius-y-raphael-veiga\/","name":"Resumen y goles Am\u00e9rica - Mazatl\u00e1n: Victoria brasile\u00f1a gracias a Vinicius y Raphael Veiga - Senda Noticiosa","isPartOf":{"@id":"https:\/\/sendanoticiosa.com\/#website"},"primaryImageOfPage":{"@id":"https:\/\/sendanoticiosa.com\/index.php\/2026\/03\/17\/resumen-y-goles-america-mazatlan-victoria-brasilena-gracias-a-vinicius-y-raphael-veiga\/#primaryimage"},"image":{"@id":"https:\/\/sendanoticiosa.com\/index.php\/2026\/03\/17\/resumen-y-goles-america-mazatlan-victoria-brasilena-gracias-a-vinicius-y-raphael-veiga\/#primaryimage"},"thumbnailUrl":"https:\/\/sendanoticiosa.com\/wp-content\/uploads\/2026\/03\/17736297465372.jpg","datePublished":"2026-03-17T06:02:56+00:00","author":{"@id":""},"breadcrumb":{"@id":"https:\/\/sendanoticiosa.com\/index.php\/2026\/03\/17\/resumen-y-goles-america-mazatlan-victoria-brasilena-gracias-a-vinicius-y-raphael-veiga\/#breadcrumb"},"inLanguage":"en-US","potentialAction":[{"@type":"ReadAction","target":["https:\/\/sendanoticiosa.com\/index.php\/2026\/03\/17\/resumen-y-goles-america-mazatlan-victoria-brasilena-gracias-a-vinicius-y-raphael-veiga\/"]}]},{"@type":"ImageObject","inLanguage":"en-US","@id":"https:\/\/sendanoticiosa.com\/index.php\/2026\/03\/17\/resumen-y-goles-america-mazatlan-victoria-brasilena-gracias-a-vinicius-y-raphael-veiga\/#primaryimage","url":"https:\/\/sendanoticiosa.com\/wp-content\/uploads\/2026\/03\/17736297465372.jpg","contentUrl":"https:\/\/sendanoticiosa.com\/wp-content\/uploads\/2026\/03\/17736297465372.jpg","width":1200,"height":800,"caption":"Resumen y goles Am\u00e9rica - Mazatl\u00e1n: Victoria brasile\u00f1a gracias a Vinicius y Raphael Veiga"},{"@type":"BreadcrumbList","@id":"https:\/\/sendanoticiosa.com\/index.php\/2026\/03\/17\/resumen-y-goles-america-mazatlan-victoria-brasilena-gracias-a-vinicius-y-raphael-veiga\/#breadcrumb","itemListElement":[{"@type":"ListItem","position":1,"name":"Portada","item":"https:\/\/sendanoticiosa.com\/"},{"@type":"ListItem","position":2,"name":"Resumen y goles Am\u00e9rica &#8211; Mazatl\u00e1n: Victoria brasile\u00f1a gracias a Vinicius y Raphael Veiga"}]},{"@type":"WebSite","@id":"https:\/\/sendanoticiosa.com\/#website","url":"https:\/\/sendanoticiosa.com\/","name":"Senda Noticiosa","description":"","potentialAction":[{"@type":"SearchAction","target":{"@type":"EntryPoint","urlTemplate":"https:\/\/sendanoticiosa.com\/?s={search_term_string}"},"query-input":{"@type":"PropertyValueSpecification","valueRequired":true,"valueName":"search_term_string"}}],"inLanguage":"en-US"}]}},"_links":{"self":[{"href":"https:\/\/sendanoticiosa.com\/index.php\/wp-json\/wp\/v2\/posts\/7863","targetHints":{"allow":["GET"]}}],"collection":[{"href":"https:\/\/sendanoticiosa.com\/index.php\/wp-json\/wp\/v2\/posts"}],"about":[{"href":"https:\/\/sendanoticiosa.com\/index.php\/wp-json\/wp\/v2\/types\/post"}],"replies":[{"embeddable":true,"href":"https:\/\/sendanoticiosa.com\/index.php\/wp-json\/wp\/v2\/comments?post=7863"}],"version-history":[{"count":0,"href":"https:\/\/sendanoticiosa.com\/index.php\/wp-json\/wp\/v2\/posts\/7863\/revisions"}],"wp:featuredmedia":[{"embeddable":true,"href":"https:\/\/sendanoticiosa.com\/index.php\/wp-json\/wp\/v2\/media\/7864"}],"wp:attachment":[{"href":"https:\/\/sendanoticiosa.com\/index.php\/wp-json\/wp\/v2\/media?parent=7863"}],"wp:term":[{"taxonomy":"category","embeddable":true,"href":"https:\/\/sendanoticiosa.com\/index.php\/wp-json\/wp\/v2\/categories?post=7863"},{"taxonomy":"post_tag","embeddable":true,"href":"https:\/\/sendanoticiosa.com\/index.php\/wp-json\/wp\/v2\/tags?post=7863"}],"curies":[{"name":"wp","href":"https:\/\/api.w.org\/{rel}","templated":true}]}}