{"id":7865,"date":"2026-03-18T07:01:26","date_gmt":"2026-03-18T06:01:26","guid":{"rendered":"https:\/\/sendanoticiosa.com\/index.php\/2026\/03\/18\/miguel-angel-gil-el-hombre-que-podria-tomar-mas-poder-en-liga-mx-tras-junta-de-duenos\/"},"modified":"2026-03-18T07:01:26","modified_gmt":"2026-03-18T06:01:26","slug":"miguel-angel-gil-el-hombre-que-podria-tomar-mas-poder-en-liga-mx-tras-junta-de-duenos","status":"publish","type":"post","link":"https:\/\/sendanoticiosa.com\/index.php\/2026\/03\/18\/miguel-angel-gil-el-hombre-que-podria-tomar-mas-poder-en-liga-mx-tras-junta-de-duenos\/","title":{"rendered":"Miguel \u00c1ngel Gil, el hombre que podr\u00eda tomar m\u00e1s poder en Liga MX tras Junta de Due\u00f1os"},"content":{"rendered":"<p>Miguel \u00c1ngel Gil: \u00bfEl fin de la era Azc\u00e1rraga Jean-Salinas Pliego?<\/p>\n<p>Fuente: <a href=\"https:\/\/www.marca.com\/mx\/futbol\/liga-mx\/2026\/03\/17\/69b8ba79e2704e465f8b45a0.html\" target=\"_blank\" rel=\"nofollow noopener\">https:\/\/www.marca.com\/mx\/futbol\/liga-mx\/2026\/03\/17\/69b8ba79e2704e465f8b45a0.html<\/a><\/p>\n","protected":false},"excerpt":{"rendered":"<p>Miguel \u00c1ngel Gil: \u00bfEl fin de la era Azc\u00e1rraga Jean-Salinas Pliego? Fuente: https:\/\/www.marca.com\/mx\/futbol\/liga-mx\/2026\/03\/17\/69b8ba79e2704e465f8b45a0.html<\/p>\n","protected":false},"author":0,"featured_media":7866,"comment_status":"open","ping_status":"open","sticky":false,"template":"","format":"standard","meta":{"inline_featured_image":false,"footnotes":""},"categories":[62],"tags":[],"class_list":["post-7865","post","type-post","status-publish","format-standard","has-post-thumbnail","hentry","category-deportes"],"yoast_head":"<!-- This site is optimized with the Yoast SEO plugin v27.5 - https:\/\/yoast.com\/product\/yoast-seo-wordpress\/ -->\n<title>Miguel \u00c1ngel Gil, el hombre que podr\u00eda tomar m\u00e1s poder en Liga MX tras Junta de Due\u00f1os - Senda Noticiosa<\/title>\n<meta name=\"robots\" content=\"index, follow, max-snippet:-1, max-image-preview:large, max-video-preview:-1\" \/>\n<link rel=\"canonical\" href=\"https:\/\/sendanoticiosa.com\/index.php\/2026\/03\/18\/miguel-angel-gil-el-hombre-que-podria-tomar-mas-poder-en-liga-mx-tras-junta-de-duenos\/\" \/>\n<meta property=\"og:locale\" content=\"en_US\" \/>\n<meta property=\"og:type\" content=\"article\" \/>\n<meta property=\"og:title\" content=\"Miguel \u00c1ngel Gil, el hombre que podr\u00eda tomar m\u00e1s poder en Liga MX tras Junta de Due\u00f1os - Senda Noticiosa\" \/>\n<meta property=\"og:description\" content=\"Miguel \u00c1ngel Gil: \u00bfEl fin de la era Azc\u00e1rraga Jean-Salinas Pliego? Fuente: https:\/\/www.marca.com\/mx\/futbol\/liga-mx\/2026\/03\/17\/69b8ba79e2704e465f8b45a0.html\" \/>\n<meta property=\"og:url\" content=\"https:\/\/sendanoticiosa.com\/index.php\/2026\/03\/18\/miguel-angel-gil-el-hombre-que-podria-tomar-mas-poder-en-liga-mx-tras-junta-de-duenos\/\" \/>\n<meta property=\"og:site_name\" content=\"Senda Noticiosa\" \/>\n<meta property=\"article:published_time\" content=\"2026-03-18T06:01:26+00:00\" \/>\n<meta name=\"twitter:card\" content=\"summary_large_image\" \/>\n<script type=\"application\/ld+json\" class=\"yoast-schema-graph\">{\"@context\":\"https:\\\/\\\/schema.org\",\"@graph\":[{\"@type\":\"Article\",\"@id\":\"https:\\\/\\\/sendanoticiosa.com\\\/index.php\\\/2026\\\/03\\\/18\\\/miguel-angel-gil-el-hombre-que-podria-tomar-mas-poder-en-liga-mx-tras-junta-de-duenos\\\/#article\",\"isPartOf\":{\"@id\":\"https:\\\/\\\/sendanoticiosa.com\\\/index.php\\\/2026\\\/03\\\/18\\\/miguel-angel-gil-el-hombre-que-podria-tomar-mas-poder-en-liga-mx-tras-junta-de-duenos\\\/\"},\"author\":{\"name\":\"\",\"@id\":\"\"},\"headline\":\"Miguel \u00c1ngel Gil, el hombre que podr\u00eda tomar m\u00e1s poder en Liga MX tras Junta de Due\u00f1os\",\"datePublished\":\"2026-03-18T06:01:26+00:00\",\"mainEntityOfPage\":{\"@id\":\"https:\\\/\\\/sendanoticiosa.com\\\/index.php\\\/2026\\\/03\\\/18\\\/miguel-angel-gil-el-hombre-que-podria-tomar-mas-poder-en-liga-mx-tras-junta-de-duenos\\\/\"},\"wordCount\":48,\"commentCount\":0,\"image\":{\"@id\":\"https:\\\/\\\/sendanoticiosa.com\\\/index.php\\\/2026\\\/03\\\/18\\\/miguel-angel-gil-el-hombre-que-podria-tomar-mas-poder-en-liga-mx-tras-junta-de-duenos\\\/#primaryimage\"},\"thumbnailUrl\":\"https:\\\/\\\/sendanoticiosa.com\\\/wp-content\\\/uploads\\\/2026\\\/03\\\/17737072349578.jpg\",\"articleSection\":[\"Deportes\"],\"inLanguage\":\"en-US\",\"potentialAction\":[{\"@type\":\"CommentAction\",\"name\":\"Comment\",\"target\":[\"https:\\\/\\\/sendanoticiosa.com\\\/index.php\\\/2026\\\/03\\\/18\\\/miguel-angel-gil-el-hombre-que-podria-tomar-mas-poder-en-liga-mx-tras-junta-de-duenos\\\/#respond\"]}]},{\"@type\":\"WebPage\",\"@id\":\"https:\\\/\\\/sendanoticiosa.com\\\/index.php\\\/2026\\\/03\\\/18\\\/miguel-angel-gil-el-hombre-que-podria-tomar-mas-poder-en-liga-mx-tras-junta-de-duenos\\\/\",\"url\":\"https:\\\/\\\/sendanoticiosa.com\\\/index.php\\\/2026\\\/03\\\/18\\\/miguel-angel-gil-el-hombre-que-podria-tomar-mas-poder-en-liga-mx-tras-junta-de-duenos\\\/\",\"name\":\"Miguel \u00c1ngel Gil, el hombre que podr\u00eda tomar m\u00e1s poder en Liga MX tras Junta de Due\u00f1os - Senda Noticiosa\",\"isPartOf\":{\"@id\":\"https:\\\/\\\/sendanoticiosa.com\\\/#website\"},\"primaryImageOfPage\":{\"@id\":\"https:\\\/\\\/sendanoticiosa.com\\\/index.php\\\/2026\\\/03\\\/18\\\/miguel-angel-gil-el-hombre-que-podria-tomar-mas-poder-en-liga-mx-tras-junta-de-duenos\\\/#primaryimage\"},\"image\":{\"@id\":\"https:\\\/\\\/sendanoticiosa.com\\\/index.php\\\/2026\\\/03\\\/18\\\/miguel-angel-gil-el-hombre-que-podria-tomar-mas-poder-en-liga-mx-tras-junta-de-duenos\\\/#primaryimage\"},\"thumbnailUrl\":\"https:\\\/\\\/sendanoticiosa.com\\\/wp-content\\\/uploads\\\/2026\\\/03\\\/17737072349578.jpg\",\"datePublished\":\"2026-03-18T06:01:26+00:00\",\"author\":{\"@id\":\"\"},\"breadcrumb\":{\"@id\":\"https:\\\/\\\/sendanoticiosa.com\\\/index.php\\\/2026\\\/03\\\/18\\\/miguel-angel-gil-el-hombre-que-podria-tomar-mas-poder-en-liga-mx-tras-junta-de-duenos\\\/#breadcrumb\"},\"inLanguage\":\"en-US\",\"potentialAction\":[{\"@type\":\"ReadAction\",\"target\":[\"https:\\\/\\\/sendanoticiosa.com\\\/index.php\\\/2026\\\/03\\\/18\\\/miguel-angel-gil-el-hombre-que-podria-tomar-mas-poder-en-liga-mx-tras-junta-de-duenos\\\/\"]}]},{\"@type\":\"ImageObject\",\"inLanguage\":\"en-US\",\"@id\":\"https:\\\/\\\/sendanoticiosa.com\\\/index.php\\\/2026\\\/03\\\/18\\\/miguel-angel-gil-el-hombre-que-podria-tomar-mas-poder-en-liga-mx-tras-junta-de-duenos\\\/#primaryimage\",\"url\":\"https:\\\/\\\/sendanoticiosa.com\\\/wp-content\\\/uploads\\\/2026\\\/03\\\/17737072349578.jpg\",\"contentUrl\":\"https:\\\/\\\/sendanoticiosa.com\\\/wp-content\\\/uploads\\\/2026\\\/03\\\/17737072349578.jpg\",\"width\":1200,\"height\":800,\"caption\":\"Miguel \u00c1ngel Gil, el hombre que podr\u00eda tomar m\u00e1s poder en Liga MX tras Junta de Due\u00f1os\"},{\"@type\":\"BreadcrumbList\",\"@id\":\"https:\\\/\\\/sendanoticiosa.com\\\/index.php\\\/2026\\\/03\\\/18\\\/miguel-angel-gil-el-hombre-que-podria-tomar-mas-poder-en-liga-mx-tras-junta-de-duenos\\\/#breadcrumb\",\"itemListElement\":[{\"@type\":\"ListItem\",\"position\":1,\"name\":\"Portada\",\"item\":\"https:\\\/\\\/sendanoticiosa.com\\\/\"},{\"@type\":\"ListItem\",\"position\":2,\"name\":\"Miguel \u00c1ngel Gil, el hombre que podr\u00eda tomar m\u00e1s poder en Liga MX tras Junta de Due\u00f1os\"}]},{\"@type\":\"WebSite\",\"@id\":\"https:\\\/\\\/sendanoticiosa.com\\\/#website\",\"url\":\"https:\\\/\\\/sendanoticiosa.com\\\/\",\"name\":\"Senda Noticiosa\",\"description\":\"\",\"potentialAction\":[{\"@type\":\"SearchAction\",\"target\":{\"@type\":\"EntryPoint\",\"urlTemplate\":\"https:\\\/\\\/sendanoticiosa.com\\\/?s={search_term_string}\"},\"query-input\":{\"@type\":\"PropertyValueSpecification\",\"valueRequired\":true,\"valueName\":\"search_term_string\"}}],\"inLanguage\":\"en-US\"}]}<\/script>\n<!-- \/ Yoast SEO plugin. -->","yoast_head_json":{"title":"Miguel \u00c1ngel Gil, el hombre que podr\u00eda tomar m\u00e1s poder en Liga MX tras Junta de Due\u00f1os - Senda Noticiosa","robots":{"index":"index","follow":"follow","max-snippet":"max-snippet:-1","max-image-preview":"max-image-preview:large","max-video-preview":"max-video-preview:-1"},"canonical":"https:\/\/sendanoticiosa.com\/index.php\/2026\/03\/18\/miguel-angel-gil-el-hombre-que-podria-tomar-mas-poder-en-liga-mx-tras-junta-de-duenos\/","og_locale":"en_US","og_type":"article","og_title":"Miguel \u00c1ngel Gil, el hombre que podr\u00eda tomar m\u00e1s poder en Liga MX tras Junta de Due\u00f1os - Senda Noticiosa","og_description":"Miguel \u00c1ngel Gil: \u00bfEl fin de la era Azc\u00e1rraga Jean-Salinas Pliego? Fuente: https:\/\/www.marca.com\/mx\/futbol\/liga-mx\/2026\/03\/17\/69b8ba79e2704e465f8b45a0.html","og_url":"https:\/\/sendanoticiosa.com\/index.php\/2026\/03\/18\/miguel-angel-gil-el-hombre-que-podria-tomar-mas-poder-en-liga-mx-tras-junta-de-duenos\/","og_site_name":"Senda Noticiosa","article_published_time":"2026-03-18T06:01:26+00:00","twitter_card":"summary_large_image","schema":{"@context":"https:\/\/schema.org","@graph":[{"@type":"Article","@id":"https:\/\/sendanoticiosa.com\/index.php\/2026\/03\/18\/miguel-angel-gil-el-hombre-que-podria-tomar-mas-poder-en-liga-mx-tras-junta-de-duenos\/#article","isPartOf":{"@id":"https:\/\/sendanoticiosa.com\/index.php\/2026\/03\/18\/miguel-angel-gil-el-hombre-que-podria-tomar-mas-poder-en-liga-mx-tras-junta-de-duenos\/"},"author":{"name":"","@id":""},"headline":"Miguel \u00c1ngel Gil, el hombre que podr\u00eda tomar m\u00e1s poder en Liga MX tras Junta de Due\u00f1os","datePublished":"2026-03-18T06:01:26+00:00","mainEntityOfPage":{"@id":"https:\/\/sendanoticiosa.com\/index.php\/2026\/03\/18\/miguel-angel-gil-el-hombre-que-podria-tomar-mas-poder-en-liga-mx-tras-junta-de-duenos\/"},"wordCount":48,"commentCount":0,"image":{"@id":"https:\/\/sendanoticiosa.com\/index.php\/2026\/03\/18\/miguel-angel-gil-el-hombre-que-podria-tomar-mas-poder-en-liga-mx-tras-junta-de-duenos\/#primaryimage"},"thumbnailUrl":"https:\/\/sendanoticiosa.com\/wp-content\/uploads\/2026\/03\/17737072349578.jpg","articleSection":["Deportes"],"inLanguage":"en-US","potentialAction":[{"@type":"CommentAction","name":"Comment","target":["https:\/\/sendanoticiosa.com\/index.php\/2026\/03\/18\/miguel-angel-gil-el-hombre-que-podria-tomar-mas-poder-en-liga-mx-tras-junta-de-duenos\/#respond"]}]},{"@type":"WebPage","@id":"https:\/\/sendanoticiosa.com\/index.php\/2026\/03\/18\/miguel-angel-gil-el-hombre-que-podria-tomar-mas-poder-en-liga-mx-tras-junta-de-duenos\/","url":"https:\/\/sendanoticiosa.com\/index.php\/2026\/03\/18\/miguel-angel-gil-el-hombre-que-podria-tomar-mas-poder-en-liga-mx-tras-junta-de-duenos\/","name":"Miguel \u00c1ngel Gil, el hombre que podr\u00eda tomar m\u00e1s poder en Liga MX tras Junta de Due\u00f1os - Senda Noticiosa","isPartOf":{"@id":"https:\/\/sendanoticiosa.com\/#website"},"primaryImageOfPage":{"@id":"https:\/\/sendanoticiosa.com\/index.php\/2026\/03\/18\/miguel-angel-gil-el-hombre-que-podria-tomar-mas-poder-en-liga-mx-tras-junta-de-duenos\/#primaryimage"},"image":{"@id":"https:\/\/sendanoticiosa.com\/index.php\/2026\/03\/18\/miguel-angel-gil-el-hombre-que-podria-tomar-mas-poder-en-liga-mx-tras-junta-de-duenos\/#primaryimage"},"thumbnailUrl":"https:\/\/sendanoticiosa.com\/wp-content\/uploads\/2026\/03\/17737072349578.jpg","datePublished":"2026-03-18T06:01:26+00:00","author":{"@id":""},"breadcrumb":{"@id":"https:\/\/sendanoticiosa.com\/index.php\/2026\/03\/18\/miguel-angel-gil-el-hombre-que-podria-tomar-mas-poder-en-liga-mx-tras-junta-de-duenos\/#breadcrumb"},"inLanguage":"en-US","potentialAction":[{"@type":"ReadAction","target":["https:\/\/sendanoticiosa.com\/index.php\/2026\/03\/18\/miguel-angel-gil-el-hombre-que-podria-tomar-mas-poder-en-liga-mx-tras-junta-de-duenos\/"]}]},{"@type":"ImageObject","inLanguage":"en-US","@id":"https:\/\/sendanoticiosa.com\/index.php\/2026\/03\/18\/miguel-angel-gil-el-hombre-que-podria-tomar-mas-poder-en-liga-mx-tras-junta-de-duenos\/#primaryimage","url":"https:\/\/sendanoticiosa.com\/wp-content\/uploads\/2026\/03\/17737072349578.jpg","contentUrl":"https:\/\/sendanoticiosa.com\/wp-content\/uploads\/2026\/03\/17737072349578.jpg","width":1200,"height":800,"caption":"Miguel \u00c1ngel Gil, el hombre que podr\u00eda tomar m\u00e1s poder en Liga MX tras Junta de Due\u00f1os"},{"@type":"BreadcrumbList","@id":"https:\/\/sendanoticiosa.com\/index.php\/2026\/03\/18\/miguel-angel-gil-el-hombre-que-podria-tomar-mas-poder-en-liga-mx-tras-junta-de-duenos\/#breadcrumb","itemListElement":[{"@type":"ListItem","position":1,"name":"Portada","item":"https:\/\/sendanoticiosa.com\/"},{"@type":"ListItem","position":2,"name":"Miguel \u00c1ngel Gil, el hombre que podr\u00eda tomar m\u00e1s poder en Liga MX tras Junta de Due\u00f1os"}]},{"@type":"WebSite","@id":"https:\/\/sendanoticiosa.com\/#website","url":"https:\/\/sendanoticiosa.com\/","name":"Senda Noticiosa","description":"","potentialAction":[{"@type":"SearchAction","target":{"@type":"EntryPoint","urlTemplate":"https:\/\/sendanoticiosa.com\/?s={search_term_string}"},"query-input":{"@type":"PropertyValueSpecification","valueRequired":true,"valueName":"search_term_string"}}],"inLanguage":"en-US"}]}},"_links":{"self":[{"href":"https:\/\/sendanoticiosa.com\/index.php\/wp-json\/wp\/v2\/posts\/7865","targetHints":{"allow":["GET"]}}],"collection":[{"href":"https:\/\/sendanoticiosa.com\/index.php\/wp-json\/wp\/v2\/posts"}],"about":[{"href":"https:\/\/sendanoticiosa.com\/index.php\/wp-json\/wp\/v2\/types\/post"}],"replies":[{"embeddable":true,"href":"https:\/\/sendanoticiosa.com\/index.php\/wp-json\/wp\/v2\/comments?post=7865"}],"version-history":[{"count":0,"href":"https:\/\/sendanoticiosa.com\/index.php\/wp-json\/wp\/v2\/posts\/7865\/revisions"}],"wp:featuredmedia":[{"embeddable":true,"href":"https:\/\/sendanoticiosa.com\/index.php\/wp-json\/wp\/v2\/media\/7866"}],"wp:attachment":[{"href":"https:\/\/sendanoticiosa.com\/index.php\/wp-json\/wp\/v2\/media?parent=7865"}],"wp:term":[{"taxonomy":"category","embeddable":true,"href":"https:\/\/sendanoticiosa.com\/index.php\/wp-json\/wp\/v2\/categories?post=7865"},{"taxonomy":"post_tag","embeddable":true,"href":"https:\/\/sendanoticiosa.com\/index.php\/wp-json\/wp\/v2\/tags?post=7865"}],"curies":[{"name":"wp","href":"https:\/\/api.w.org\/{rel}","templated":true}]}}