{"id":8001,"date":"2026-04-27T22:08:30","date_gmt":"2026-04-27T20:08:30","guid":{"rendered":"https:\/\/sendanoticiosa.com\/?p=8001"},"modified":"2026-04-27T22:08:31","modified_gmt":"2026-04-27T20:08:31","slug":"suman-20-decesos-por-atentado-explosivo-en-colombia","status":"publish","type":"post","link":"https:\/\/sendanoticiosa.com\/index.php\/2026\/04\/27\/suman-20-decesos-por-atentado-explosivo-en-colombia\/","title":{"rendered":"Suman 20 decesos por atentado explosivo en Colombia"},"content":{"rendered":"\n<p>El n\u00famero de muertos en el atentado con un artefacto explosivo en una carretera del suroeste de Colombia subi\u00f3 a 20, con 36 heridos, informaron el domingo las autoridades del Cauca, departamento asediado por una arremetida violenta en las \u00faltimas horas que el gobierno adjudic\u00f3 a las disidencias de las desparecidas FARC.<\/p>\n\n\n\n<p>Hasta el momento se registran 15 mujeres y cinco hombres fallecidos, todos mayores de edad, detall\u00f3 en X el gobernador del Cauca, Octavio Guzm\u00e1n. Sobre los heridos, precis\u00f3 que tres permanecen en cuidados intensivos y cinco menores se encuentran \u201cfuera de peligro\u201d.<\/p>\n\n\n\n<p>El Instituto Nacional de Medicina Legal indic\u00f3 que hasta el final de la jornada se han identificado 15 cuerpos que fueron entregados a sus familiares.<\/p>\n\n\n\n<p>El ataque ocurri\u00f3 el s\u00e1bado, cuando un artefacto explosivo deton\u00f3 al paso de un autob\u00fas que circulaba sobre la v\u00eda Panamericana en el sector El T\u00fanel, en Cajib\u00edo, departamento del Cauca, que junto al aleda\u00f1o Valle del Cauca han soportado una arremetida violenta en los \u00faltimos d\u00edas.<\/p>\n\n\n\n<p>La Gobernaci\u00f3n caucana declar\u00f3 el domingo tres d\u00edas de luto en memoria de las v\u00edctimas.<\/p>\n\n\n\n<p>\u201cFueron personas muy inocentes, hab\u00eda ni\u00f1os, familias que salieron de sus trabajos y vinieron a llevar sus mercados\u201d, lament\u00f3 el s\u00e1bado Miyer Reinoso, testigo del hecho, en di\u00e1logo con The Associated Press.<\/p>\n\n\n\n<p>La potente explosi\u00f3n dej\u00f3 un cr\u00e1ter de 200 metros c\u00fabicos en la carretera y m\u00e1s de una decena de veh\u00edculos reducidos a hierros retorcidos. El concesionario de la v\u00eda anunci\u00f3 pasado el mediod\u00eda que logr\u00f3 restablecer la circulaci\u00f3n en la Panamericana.<\/p>\n\n\n\n<p>Esa regi\u00f3n es considerada un punto clave para las econom\u00edas il\u00edcitas de grupos armados ilegales que se encuentran en permanente disputa por el control de las \u00e1reas de cultivo de hoja de coca y la ruta de acceso mar\u00edtimo y fluvial para el tr\u00e1fico de droga hacia Centroam\u00e9rica y Europa.<\/p>\n\n\n\n<p>Las autoridades de seguridad colombianas cifraron en 26 los atentados \u201ccriminales\u201d en esa zona durante los \u00faltimos d\u00edas, mismos que adjudicaron a la facci\u00f3n Jaime Mart\u00ednez de las disidencias de las desaparecidas Fuerzas Armadas Revolucionarias de Colombia (FARC).<\/p>\n\n\n\n<p>El presidente Gustavo Petro calific\u00f3 a los autores de \u201cterroristas, fascistas y narcotraficantes\u201d, al mando de alias \u201cMarlon\u201d, quien comanda a las disidencias en esa zona del pa\u00eds andino y hombre cercano a alias \u201cIv\u00e1n Mordisco\u201d \u2014uno de los m\u00e1s buscados de Colombia.<\/p>\n\n\n\n<p>En tanto, la vicepresidenta Francia M\u00e1rquez exigi\u00f3 el domingo en un comunicado que las fuerzas militares detengan \u201cesta ola terrorista\u201d y cuestion\u00f3 que labores de inteligencia no hayan prevenido el hecho.<\/p>\n\n\n\n<p>El gobierno aument\u00f3 a 5.000 millones de pesos (m\u00e1s de un mill\u00f3n de d\u00f3lares) la recompensa por informaci\u00f3n que permita la captura de alias \u201cMarlon\u201d, cuyo nombre es Iv\u00e1n Jacob Idrobo Arredondo.<\/p>\n\n\n\n<p>La jornada violenta arreci\u00f3 desde el viernes cuando dos veh\u00edculos acondicionados con explosivos detonaron cerca de dos unidades militares, uno en la capital vallecaucana Cali y otro en la aleda\u00f1a Palmira, causando da\u00f1os materiales.<\/p>\n\n\n\n<p>Un d\u00eda despu\u00e9s se registraron agresiones m\u00faltiples con disparos y da\u00f1os a un sistema de radares en diversos puntos de esos departamentos sin dejar heridos.<\/p>\n\n\n\n<p>El Alto Comisionado para los Derechos Humanos de la ONU rechaz\u00f3 las acciones armadas en contra de la poblaci\u00f3n civil y pidi\u00f3 a las autoridades competentes a investigar los hechos y \u201cgarantizar justicia para las v\u00edctimas\u201d.<\/p>\n\n\n\n<p>La Comunidad Andina de Naciones se sum\u00f3 a la condena.<br>La estatal Consejer\u00eda Comisionada de Paz inst\u00f3 el domingo a los grupos armados ilegales a \u201ccesar de inmediato\u201d sus acciones violentas\u201d contra la poblaci\u00f3n civil pues ninguna causa justifica su \u201csufrimiento y afectaci\u00f3n a sus derechos fundamentales\u201d, cit\u00f3 un comunicado. Al gobierno solicit\u00f3 tomar todas las medidas de protecci\u00f3n y presencia integral en sus territorios para garantizar la paz.<\/p>\n\n\n\n<p>Los di\u00e1logos entre el gobierno y las disidencias de las extintas FARC se suspendieron en 2024 tras un ataque armado a una comunidad del Cauca en el que falleci\u00f3 una l\u00edder ind\u00edgena. Sectores de oposici\u00f3n han cuestionado la pol\u00edtica de \u201cpaz total\u201d impulsada por Petro asegurando que no ha cesado la violencia y alienta la impunidad.<\/p>\n\n\n\n<p>Petro, el primer gobernante de izquierda en el pa\u00eds andino, terminar\u00e1 su mandato en agosto, y los comicios presidenciales para definir al pr\u00f3ximo presidente ser\u00e1n el 31 de mayo.<\/p>\n","protected":false},"excerpt":{"rendered":"<p>El n\u00famero de muertos en el atentado con un artefacto explosivo en una carretera del suroeste de Colombia subi\u00f3 a 20, con 36 heridos, informaron el domingo las autoridades del Cauca, departamento asediado por una arremetida violenta en las \u00faltimas horas que el gobierno adjudic\u00f3 a las disidencias de las desparecidas FARC. Hasta el momento [&hellip;]<\/p>\n","protected":false},"author":1,"featured_media":8002,"comment_status":"open","ping_status":"open","sticky":false,"template":"","format":"standard","meta":{"inline_featured_image":false,"footnotes":""},"categories":[73],"tags":[],"class_list":["post-8001","post","type-post","status-publish","format-standard","has-post-thumbnail","hentry","category-internacional"],"yoast_head":"<!-- This site is optimized with the Yoast SEO plugin v27.5 - https:\/\/yoast.com\/product\/yoast-seo-wordpress\/ -->\n<title>Suman 20 decesos por atentado explosivo en Colombia - Senda Noticiosa<\/title>\n<meta name=\"robots\" content=\"index, follow, max-snippet:-1, max-image-preview:large, max-video-preview:-1\" \/>\n<link rel=\"canonical\" href=\"https:\/\/sendanoticiosa.com\/index.php\/2026\/04\/27\/suman-20-decesos-por-atentado-explosivo-en-colombia\/\" \/>\n<meta property=\"og:locale\" content=\"en_US\" \/>\n<meta property=\"og:type\" content=\"article\" \/>\n<meta property=\"og:title\" content=\"Suman 20 decesos por atentado explosivo en Colombia - Senda Noticiosa\" \/>\n<meta property=\"og:description\" content=\"El n\u00famero de muertos en el atentado con un artefacto explosivo en una carretera del suroeste de Colombia subi\u00f3 a 20, con 36 heridos, informaron el domingo las autoridades del Cauca, departamento asediado por una arremetida violenta en las \u00faltimas horas que el gobierno adjudic\u00f3 a las disidencias de las desparecidas FARC. Hasta el momento [&hellip;]\" \/>\n<meta property=\"og:url\" content=\"https:\/\/sendanoticiosa.com\/index.php\/2026\/04\/27\/suman-20-decesos-por-atentado-explosivo-en-colombia\/\" \/>\n<meta property=\"og:site_name\" content=\"Senda Noticiosa\" \/>\n<meta property=\"article:published_time\" content=\"2026-04-27T20:08:30+00:00\" \/>\n<meta property=\"article:modified_time\" content=\"2026-04-27T20:08:31+00:00\" \/>\n<meta property=\"og:image\" content=\"https:\/\/sendanoticiosa.com\/wp-content\/uploads\/2026\/04\/34.-Suman-20-deces.jpg\" \/>\n\t<meta property=\"og:image:width\" content=\"780\" \/>\n\t<meta property=\"og:image:height\" content=\"470\" \/>\n\t<meta property=\"og:image:type\" content=\"image\/jpeg\" \/>\n<meta name=\"author\" content=\"sendanoticom\" \/>\n<meta name=\"twitter:card\" content=\"summary_large_image\" \/>\n<meta name=\"twitter:label1\" content=\"Written by\" \/>\n\t<meta name=\"twitter:data1\" content=\"sendanoticom\" \/>\n\t<meta name=\"twitter:label2\" content=\"Est. reading time\" \/>\n\t<meta name=\"twitter:data2\" content=\"4 minutes\" \/>\n<script type=\"application\/ld+json\" class=\"yoast-schema-graph\">{\"@context\":\"https:\\\/\\\/schema.org\",\"@graph\":[{\"@type\":\"Article\",\"@id\":\"https:\\\/\\\/sendanoticiosa.com\\\/index.php\\\/2026\\\/04\\\/27\\\/suman-20-decesos-por-atentado-explosivo-en-colombia\\\/#article\",\"isPartOf\":{\"@id\":\"https:\\\/\\\/sendanoticiosa.com\\\/index.php\\\/2026\\\/04\\\/27\\\/suman-20-decesos-por-atentado-explosivo-en-colombia\\\/\"},\"author\":{\"name\":\"sendanoticom\",\"@id\":\"https:\\\/\\\/sendanoticiosa.com\\\/#\\\/schema\\\/person\\\/d8594fe19a3f804aa373a89f0b59c180\"},\"headline\":\"Suman 20 decesos por atentado explosivo en Colombia\",\"datePublished\":\"2026-04-27T20:08:30+00:00\",\"dateModified\":\"2026-04-27T20:08:31+00:00\",\"mainEntityOfPage\":{\"@id\":\"https:\\\/\\\/sendanoticiosa.com\\\/index.php\\\/2026\\\/04\\\/27\\\/suman-20-decesos-por-atentado-explosivo-en-colombia\\\/\"},\"wordCount\":758,\"commentCount\":0,\"image\":{\"@id\":\"https:\\\/\\\/sendanoticiosa.com\\\/index.php\\\/2026\\\/04\\\/27\\\/suman-20-decesos-por-atentado-explosivo-en-colombia\\\/#primaryimage\"},\"thumbnailUrl\":\"https:\\\/\\\/sendanoticiosa.com\\\/wp-content\\\/uploads\\\/2026\\\/04\\\/34.-Suman-20-deces.jpg\",\"articleSection\":[\"Internacional\"],\"inLanguage\":\"en-US\",\"potentialAction\":[{\"@type\":\"CommentAction\",\"name\":\"Comment\",\"target\":[\"https:\\\/\\\/sendanoticiosa.com\\\/index.php\\\/2026\\\/04\\\/27\\\/suman-20-decesos-por-atentado-explosivo-en-colombia\\\/#respond\"]}]},{\"@type\":\"WebPage\",\"@id\":\"https:\\\/\\\/sendanoticiosa.com\\\/index.php\\\/2026\\\/04\\\/27\\\/suman-20-decesos-por-atentado-explosivo-en-colombia\\\/\",\"url\":\"https:\\\/\\\/sendanoticiosa.com\\\/index.php\\\/2026\\\/04\\\/27\\\/suman-20-decesos-por-atentado-explosivo-en-colombia\\\/\",\"name\":\"Suman 20 decesos por atentado explosivo en Colombia - Senda Noticiosa\",\"isPartOf\":{\"@id\":\"https:\\\/\\\/sendanoticiosa.com\\\/#website\"},\"primaryImageOfPage\":{\"@id\":\"https:\\\/\\\/sendanoticiosa.com\\\/index.php\\\/2026\\\/04\\\/27\\\/suman-20-decesos-por-atentado-explosivo-en-colombia\\\/#primaryimage\"},\"image\":{\"@id\":\"https:\\\/\\\/sendanoticiosa.com\\\/index.php\\\/2026\\\/04\\\/27\\\/suman-20-decesos-por-atentado-explosivo-en-colombia\\\/#primaryimage\"},\"thumbnailUrl\":\"https:\\\/\\\/sendanoticiosa.com\\\/wp-content\\\/uploads\\\/2026\\\/04\\\/34.-Suman-20-deces.jpg\",\"datePublished\":\"2026-04-27T20:08:30+00:00\",\"dateModified\":\"2026-04-27T20:08:31+00:00\",\"author\":{\"@id\":\"https:\\\/\\\/sendanoticiosa.com\\\/#\\\/schema\\\/person\\\/d8594fe19a3f804aa373a89f0b59c180\"},\"breadcrumb\":{\"@id\":\"https:\\\/\\\/sendanoticiosa.com\\\/index.php\\\/2026\\\/04\\\/27\\\/suman-20-decesos-por-atentado-explosivo-en-colombia\\\/#breadcrumb\"},\"inLanguage\":\"en-US\",\"potentialAction\":[{\"@type\":\"ReadAction\",\"target\":[\"https:\\\/\\\/sendanoticiosa.com\\\/index.php\\\/2026\\\/04\\\/27\\\/suman-20-decesos-por-atentado-explosivo-en-colombia\\\/\"]}]},{\"@type\":\"ImageObject\",\"inLanguage\":\"en-US\",\"@id\":\"https:\\\/\\\/sendanoticiosa.com\\\/index.php\\\/2026\\\/04\\\/27\\\/suman-20-decesos-por-atentado-explosivo-en-colombia\\\/#primaryimage\",\"url\":\"https:\\\/\\\/sendanoticiosa.com\\\/wp-content\\\/uploads\\\/2026\\\/04\\\/34.-Suman-20-deces.jpg\",\"contentUrl\":\"https:\\\/\\\/sendanoticiosa.com\\\/wp-content\\\/uploads\\\/2026\\\/04\\\/34.-Suman-20-deces.jpg\",\"width\":780,\"height\":470},{\"@type\":\"BreadcrumbList\",\"@id\":\"https:\\\/\\\/sendanoticiosa.com\\\/index.php\\\/2026\\\/04\\\/27\\\/suman-20-decesos-por-atentado-explosivo-en-colombia\\\/#breadcrumb\",\"itemListElement\":[{\"@type\":\"ListItem\",\"position\":1,\"name\":\"Portada\",\"item\":\"https:\\\/\\\/sendanoticiosa.com\\\/\"},{\"@type\":\"ListItem\",\"position\":2,\"name\":\"Suman 20 decesos por atentado explosivo en Colombia\"}]},{\"@type\":\"WebSite\",\"@id\":\"https:\\\/\\\/sendanoticiosa.com\\\/#website\",\"url\":\"https:\\\/\\\/sendanoticiosa.com\\\/\",\"name\":\"Senda Noticiosa\",\"description\":\"\",\"potentialAction\":[{\"@type\":\"SearchAction\",\"target\":{\"@type\":\"EntryPoint\",\"urlTemplate\":\"https:\\\/\\\/sendanoticiosa.com\\\/?s={search_term_string}\"},\"query-input\":{\"@type\":\"PropertyValueSpecification\",\"valueRequired\":true,\"valueName\":\"search_term_string\"}}],\"inLanguage\":\"en-US\"},{\"@type\":\"Person\",\"@id\":\"https:\\\/\\\/sendanoticiosa.com\\\/#\\\/schema\\\/person\\\/d8594fe19a3f804aa373a89f0b59c180\",\"name\":\"sendanoticom\",\"image\":{\"@type\":\"ImageObject\",\"inLanguage\":\"en-US\",\"@id\":\"https:\\\/\\\/secure.gravatar.com\\\/avatar\\\/ba34ef5c85a7337be858cab52ef8a3ec8e6226b79910ac1660585e274b4a4314?s=96&d=mm&r=g\",\"url\":\"https:\\\/\\\/secure.gravatar.com\\\/avatar\\\/ba34ef5c85a7337be858cab52ef8a3ec8e6226b79910ac1660585e274b4a4314?s=96&d=mm&r=g\",\"contentUrl\":\"https:\\\/\\\/secure.gravatar.com\\\/avatar\\\/ba34ef5c85a7337be858cab52ef8a3ec8e6226b79910ac1660585e274b4a4314?s=96&d=mm&r=g\",\"caption\":\"sendanoticom\"},\"sameAs\":[\"https:\\\/\\\/sendanoticiosa.com\"],\"url\":\"https:\\\/\\\/sendanoticiosa.com\\\/index.php\\\/author\\\/sendanoticom\\\/\"}]}<\/script>\n<!-- \/ Yoast SEO plugin. -->","yoast_head_json":{"title":"Suman 20 decesos por atentado explosivo en Colombia - Senda Noticiosa","robots":{"index":"index","follow":"follow","max-snippet":"max-snippet:-1","max-image-preview":"max-image-preview:large","max-video-preview":"max-video-preview:-1"},"canonical":"https:\/\/sendanoticiosa.com\/index.php\/2026\/04\/27\/suman-20-decesos-por-atentado-explosivo-en-colombia\/","og_locale":"en_US","og_type":"article","og_title":"Suman 20 decesos por atentado explosivo en Colombia - Senda Noticiosa","og_description":"El n\u00famero de muertos en el atentado con un artefacto explosivo en una carretera del suroeste de Colombia subi\u00f3 a 20, con 36 heridos, informaron el domingo las autoridades del Cauca, departamento asediado por una arremetida violenta en las \u00faltimas horas que el gobierno adjudic\u00f3 a las disidencias de las desparecidas FARC. Hasta el momento [&hellip;]","og_url":"https:\/\/sendanoticiosa.com\/index.php\/2026\/04\/27\/suman-20-decesos-por-atentado-explosivo-en-colombia\/","og_site_name":"Senda Noticiosa","article_published_time":"2026-04-27T20:08:30+00:00","article_modified_time":"2026-04-27T20:08:31+00:00","og_image":[{"width":780,"height":470,"url":"https:\/\/sendanoticiosa.com\/wp-content\/uploads\/2026\/04\/34.-Suman-20-deces.jpg","type":"image\/jpeg"}],"author":"sendanoticom","twitter_card":"summary_large_image","twitter_misc":{"Written by":"sendanoticom","Est. reading time":"4 minutes"},"schema":{"@context":"https:\/\/schema.org","@graph":[{"@type":"Article","@id":"https:\/\/sendanoticiosa.com\/index.php\/2026\/04\/27\/suman-20-decesos-por-atentado-explosivo-en-colombia\/#article","isPartOf":{"@id":"https:\/\/sendanoticiosa.com\/index.php\/2026\/04\/27\/suman-20-decesos-por-atentado-explosivo-en-colombia\/"},"author":{"name":"sendanoticom","@id":"https:\/\/sendanoticiosa.com\/#\/schema\/person\/d8594fe19a3f804aa373a89f0b59c180"},"headline":"Suman 20 decesos por atentado explosivo en Colombia","datePublished":"2026-04-27T20:08:30+00:00","dateModified":"2026-04-27T20:08:31+00:00","mainEntityOfPage":{"@id":"https:\/\/sendanoticiosa.com\/index.php\/2026\/04\/27\/suman-20-decesos-por-atentado-explosivo-en-colombia\/"},"wordCount":758,"commentCount":0,"image":{"@id":"https:\/\/sendanoticiosa.com\/index.php\/2026\/04\/27\/suman-20-decesos-por-atentado-explosivo-en-colombia\/#primaryimage"},"thumbnailUrl":"https:\/\/sendanoticiosa.com\/wp-content\/uploads\/2026\/04\/34.-Suman-20-deces.jpg","articleSection":["Internacional"],"inLanguage":"en-US","potentialAction":[{"@type":"CommentAction","name":"Comment","target":["https:\/\/sendanoticiosa.com\/index.php\/2026\/04\/27\/suman-20-decesos-por-atentado-explosivo-en-colombia\/#respond"]}]},{"@type":"WebPage","@id":"https:\/\/sendanoticiosa.com\/index.php\/2026\/04\/27\/suman-20-decesos-por-atentado-explosivo-en-colombia\/","url":"https:\/\/sendanoticiosa.com\/index.php\/2026\/04\/27\/suman-20-decesos-por-atentado-explosivo-en-colombia\/","name":"Suman 20 decesos por atentado explosivo en Colombia - Senda Noticiosa","isPartOf":{"@id":"https:\/\/sendanoticiosa.com\/#website"},"primaryImageOfPage":{"@id":"https:\/\/sendanoticiosa.com\/index.php\/2026\/04\/27\/suman-20-decesos-por-atentado-explosivo-en-colombia\/#primaryimage"},"image":{"@id":"https:\/\/sendanoticiosa.com\/index.php\/2026\/04\/27\/suman-20-decesos-por-atentado-explosivo-en-colombia\/#primaryimage"},"thumbnailUrl":"https:\/\/sendanoticiosa.com\/wp-content\/uploads\/2026\/04\/34.-Suman-20-deces.jpg","datePublished":"2026-04-27T20:08:30+00:00","dateModified":"2026-04-27T20:08:31+00:00","author":{"@id":"https:\/\/sendanoticiosa.com\/#\/schema\/person\/d8594fe19a3f804aa373a89f0b59c180"},"breadcrumb":{"@id":"https:\/\/sendanoticiosa.com\/index.php\/2026\/04\/27\/suman-20-decesos-por-atentado-explosivo-en-colombia\/#breadcrumb"},"inLanguage":"en-US","potentialAction":[{"@type":"ReadAction","target":["https:\/\/sendanoticiosa.com\/index.php\/2026\/04\/27\/suman-20-decesos-por-atentado-explosivo-en-colombia\/"]}]},{"@type":"ImageObject","inLanguage":"en-US","@id":"https:\/\/sendanoticiosa.com\/index.php\/2026\/04\/27\/suman-20-decesos-por-atentado-explosivo-en-colombia\/#primaryimage","url":"https:\/\/sendanoticiosa.com\/wp-content\/uploads\/2026\/04\/34.-Suman-20-deces.jpg","contentUrl":"https:\/\/sendanoticiosa.com\/wp-content\/uploads\/2026\/04\/34.-Suman-20-deces.jpg","width":780,"height":470},{"@type":"BreadcrumbList","@id":"https:\/\/sendanoticiosa.com\/index.php\/2026\/04\/27\/suman-20-decesos-por-atentado-explosivo-en-colombia\/#breadcrumb","itemListElement":[{"@type":"ListItem","position":1,"name":"Portada","item":"https:\/\/sendanoticiosa.com\/"},{"@type":"ListItem","position":2,"name":"Suman 20 decesos por atentado explosivo en Colombia"}]},{"@type":"WebSite","@id":"https:\/\/sendanoticiosa.com\/#website","url":"https:\/\/sendanoticiosa.com\/","name":"Senda Noticiosa","description":"","potentialAction":[{"@type":"SearchAction","target":{"@type":"EntryPoint","urlTemplate":"https:\/\/sendanoticiosa.com\/?s={search_term_string}"},"query-input":{"@type":"PropertyValueSpecification","valueRequired":true,"valueName":"search_term_string"}}],"inLanguage":"en-US"},{"@type":"Person","@id":"https:\/\/sendanoticiosa.com\/#\/schema\/person\/d8594fe19a3f804aa373a89f0b59c180","name":"sendanoticom","image":{"@type":"ImageObject","inLanguage":"en-US","@id":"https:\/\/secure.gravatar.com\/avatar\/ba34ef5c85a7337be858cab52ef8a3ec8e6226b79910ac1660585e274b4a4314?s=96&d=mm&r=g","url":"https:\/\/secure.gravatar.com\/avatar\/ba34ef5c85a7337be858cab52ef8a3ec8e6226b79910ac1660585e274b4a4314?s=96&d=mm&r=g","contentUrl":"https:\/\/secure.gravatar.com\/avatar\/ba34ef5c85a7337be858cab52ef8a3ec8e6226b79910ac1660585e274b4a4314?s=96&d=mm&r=g","caption":"sendanoticom"},"sameAs":["https:\/\/sendanoticiosa.com"],"url":"https:\/\/sendanoticiosa.com\/index.php\/author\/sendanoticom\/"}]}},"_links":{"self":[{"href":"https:\/\/sendanoticiosa.com\/index.php\/wp-json\/wp\/v2\/posts\/8001","targetHints":{"allow":["GET"]}}],"collection":[{"href":"https:\/\/sendanoticiosa.com\/index.php\/wp-json\/wp\/v2\/posts"}],"about":[{"href":"https:\/\/sendanoticiosa.com\/index.php\/wp-json\/wp\/v2\/types\/post"}],"author":[{"embeddable":true,"href":"https:\/\/sendanoticiosa.com\/index.php\/wp-json\/wp\/v2\/users\/1"}],"replies":[{"embeddable":true,"href":"https:\/\/sendanoticiosa.com\/index.php\/wp-json\/wp\/v2\/comments?post=8001"}],"version-history":[{"count":1,"href":"https:\/\/sendanoticiosa.com\/index.php\/wp-json\/wp\/v2\/posts\/8001\/revisions"}],"predecessor-version":[{"id":8003,"href":"https:\/\/sendanoticiosa.com\/index.php\/wp-json\/wp\/v2\/posts\/8001\/revisions\/8003"}],"wp:featuredmedia":[{"embeddable":true,"href":"https:\/\/sendanoticiosa.com\/index.php\/wp-json\/wp\/v2\/media\/8002"}],"wp:attachment":[{"href":"https:\/\/sendanoticiosa.com\/index.php\/wp-json\/wp\/v2\/media?parent=8001"}],"wp:term":[{"taxonomy":"category","embeddable":true,"href":"https:\/\/sendanoticiosa.com\/index.php\/wp-json\/wp\/v2\/categories?post=8001"},{"taxonomy":"post_tag","embeddable":true,"href":"https:\/\/sendanoticiosa.com\/index.php\/wp-json\/wp\/v2\/tags?post=8001"}],"curies":[{"name":"wp","href":"https:\/\/api.w.org\/{rel}","templated":true}]}}