{"id":8004,"date":"2026-04-28T06:57:31","date_gmt":"2026-04-28T04:57:31","guid":{"rendered":"https:\/\/sendanoticiosa.com\/index.php\/2026\/04\/28\/lista-de-la-seleccion-mexicana-para-el-mundial-2026-ultimas-actualizaciones-de-la-convocatoria-hoy\/"},"modified":"2026-04-28T06:57:31","modified_gmt":"2026-04-28T04:57:31","slug":"lista-de-la-seleccion-mexicana-para-el-mundial-2026-ultimas-actualizaciones-de-la-convocatoria-hoy","status":"publish","type":"post","link":"https:\/\/sendanoticiosa.com\/index.php\/2026\/04\/28\/lista-de-la-seleccion-mexicana-para-el-mundial-2026-ultimas-actualizaciones-de-la-convocatoria-hoy\/","title":{"rendered":"Lista de la Selecci\u00f3n Mexicana para el Mundial 2026. \u00daltimas actualizaciones de la Convocatoria hoy"},"content":{"rendered":"<p>D\u00eda: Lunes 27 de Abril e 2026 \u00bfA qu\u00e9 hora ser\u00e1? Por anunciar Consentidos de Javier Aguirre en el Tri Durante los \u00faltimos meses se ha ido definiendo el equipo de Javier Aguirre, por lo que ya hay jugadores que son inamovibles en el Tri. Entre ellos est\u00e1n: Ra\u00fal Rangel C\u00e9sar Montes Erik Lira Jes\u00fas Gallardo Carlos Rodriguez Roberto \u00c1lvarado Israel Reyes \u00c1lvaro Fidalgo Juli\u00e1n Qui\u00f1ones Ra\u00fal Jim\u00e9nez Obed Vargas Johan V\u00e1squez Jorge S\u00e1nchez Orbelin Pineda En los \u00faltimos meses hay futbolistas que se han lesionado, por lo que no hay certeza si podr\u00e1n llegar al Mundial 2026, pese a&#8230;<\/p>\n<p>Fuente: <a href=\"https:\/\/www.marca.com\/mx\/futbol\/seleccion-mx\/2026\/04\/26\/69ee12d85b17639df86c51be-directo.html\" target=\"_blank\" rel=\"nofollow noopener\">https:\/\/www.marca.com\/mx\/futbol\/seleccion-mx\/2026\/04\/26\/69ee12d85b17639df86c51be-directo.html<\/a><\/p>\n","protected":false},"excerpt":{"rendered":"<p>D\u00eda: Lunes 27 de Abril e 2026 \u00bfA qu\u00e9 hora ser\u00e1? Por anunciar Consentidos de Javier Aguirre en el Tri Durante los \u00faltimos meses se ha ido definiendo el equipo de Javier Aguirre, por lo que ya hay jugadores que son inamovibles en el Tri. Entre ellos est\u00e1n: Ra\u00fal Rangel C\u00e9sar Montes Erik Lira Jes\u00fas [&hellip;]<\/p>\n","protected":false},"author":0,"featured_media":8005,"comment_status":"open","ping_status":"open","sticky":false,"template":"","format":"standard","meta":{"inline_featured_image":false,"footnotes":""},"categories":[62],"tags":[],"class_list":["post-8004","post","type-post","status-publish","format-standard","has-post-thumbnail","hentry","category-deportes"],"yoast_head":"<!-- This site is optimized with the Yoast SEO plugin v27.5 - https:\/\/yoast.com\/product\/yoast-seo-wordpress\/ -->\n<title>Lista de la Selecci\u00f3n Mexicana para el Mundial 2026. \u00daltimas actualizaciones de la Convocatoria hoy - Senda Noticiosa<\/title>\n<meta name=\"robots\" content=\"index, follow, max-snippet:-1, max-image-preview:large, max-video-preview:-1\" \/>\n<link rel=\"canonical\" href=\"https:\/\/sendanoticiosa.com\/index.php\/2026\/04\/28\/lista-de-la-seleccion-mexicana-para-el-mundial-2026-ultimas-actualizaciones-de-la-convocatoria-hoy\/\" \/>\n<meta property=\"og:locale\" content=\"en_US\" \/>\n<meta property=\"og:type\" content=\"article\" \/>\n<meta property=\"og:title\" content=\"Lista de la Selecci\u00f3n Mexicana para el Mundial 2026. \u00daltimas actualizaciones de la Convocatoria hoy - Senda Noticiosa\" \/>\n<meta property=\"og:description\" content=\"D\u00eda: Lunes 27 de Abril e 2026 \u00bfA qu\u00e9 hora ser\u00e1? Por anunciar Consentidos de Javier Aguirre en el Tri Durante los \u00faltimos meses se ha ido definiendo el equipo de Javier Aguirre, por lo que ya hay jugadores que son inamovibles en el Tri. Entre ellos est\u00e1n: Ra\u00fal Rangel C\u00e9sar Montes Erik Lira Jes\u00fas [&hellip;]\" \/>\n<meta property=\"og:url\" content=\"https:\/\/sendanoticiosa.com\/index.php\/2026\/04\/28\/lista-de-la-seleccion-mexicana-para-el-mundial-2026-ultimas-actualizaciones-de-la-convocatoria-hoy\/\" \/>\n<meta property=\"og:site_name\" content=\"Senda Noticiosa\" \/>\n<meta property=\"article:published_time\" content=\"2026-04-28T04:57:31+00:00\" \/>\n<meta name=\"twitter:card\" content=\"summary_large_image\" \/>\n<meta name=\"twitter:label1\" content=\"Est. reading time\" \/>\n\t<meta name=\"twitter:data1\" content=\"1 minute\" \/>\n<script type=\"application\/ld+json\" class=\"yoast-schema-graph\">{\"@context\":\"https:\\\/\\\/schema.org\",\"@graph\":[{\"@type\":\"Article\",\"@id\":\"https:\\\/\\\/sendanoticiosa.com\\\/index.php\\\/2026\\\/04\\\/28\\\/lista-de-la-seleccion-mexicana-para-el-mundial-2026-ultimas-actualizaciones-de-la-convocatoria-hoy\\\/#article\",\"isPartOf\":{\"@id\":\"https:\\\/\\\/sendanoticiosa.com\\\/index.php\\\/2026\\\/04\\\/28\\\/lista-de-la-seleccion-mexicana-para-el-mundial-2026-ultimas-actualizaciones-de-la-convocatoria-hoy\\\/\"},\"author\":{\"name\":\"\",\"@id\":\"\"},\"headline\":\"Lista de la Selecci\u00f3n Mexicana para el Mundial 2026. \u00daltimas actualizaciones de la Convocatoria hoy\",\"datePublished\":\"2026-04-28T04:57:31+00:00\",\"mainEntityOfPage\":{\"@id\":\"https:\\\/\\\/sendanoticiosa.com\\\/index.php\\\/2026\\\/04\\\/28\\\/lista-de-la-seleccion-mexicana-para-el-mundial-2026-ultimas-actualizaciones-de-la-convocatoria-hoy\\\/\"},\"wordCount\":139,\"commentCount\":0,\"image\":{\"@id\":\"https:\\\/\\\/sendanoticiosa.com\\\/index.php\\\/2026\\\/04\\\/28\\\/lista-de-la-seleccion-mexicana-para-el-mundial-2026-ultimas-actualizaciones-de-la-convocatoria-hoy\\\/#primaryimage\"},\"thumbnailUrl\":\"https:\\\/\\\/sendanoticiosa.com\\\/wp-content\\\/uploads\\\/2026\\\/04\\\/17772103822052.jpg\",\"articleSection\":[\"Deportes\"],\"inLanguage\":\"en-US\",\"potentialAction\":[{\"@type\":\"CommentAction\",\"name\":\"Comment\",\"target\":[\"https:\\\/\\\/sendanoticiosa.com\\\/index.php\\\/2026\\\/04\\\/28\\\/lista-de-la-seleccion-mexicana-para-el-mundial-2026-ultimas-actualizaciones-de-la-convocatoria-hoy\\\/#respond\"]}]},{\"@type\":\"WebPage\",\"@id\":\"https:\\\/\\\/sendanoticiosa.com\\\/index.php\\\/2026\\\/04\\\/28\\\/lista-de-la-seleccion-mexicana-para-el-mundial-2026-ultimas-actualizaciones-de-la-convocatoria-hoy\\\/\",\"url\":\"https:\\\/\\\/sendanoticiosa.com\\\/index.php\\\/2026\\\/04\\\/28\\\/lista-de-la-seleccion-mexicana-para-el-mundial-2026-ultimas-actualizaciones-de-la-convocatoria-hoy\\\/\",\"name\":\"Lista de la Selecci\u00f3n Mexicana para el Mundial 2026. \u00daltimas actualizaciones de la Convocatoria hoy - Senda Noticiosa\",\"isPartOf\":{\"@id\":\"https:\\\/\\\/sendanoticiosa.com\\\/#website\"},\"primaryImageOfPage\":{\"@id\":\"https:\\\/\\\/sendanoticiosa.com\\\/index.php\\\/2026\\\/04\\\/28\\\/lista-de-la-seleccion-mexicana-para-el-mundial-2026-ultimas-actualizaciones-de-la-convocatoria-hoy\\\/#primaryimage\"},\"image\":{\"@id\":\"https:\\\/\\\/sendanoticiosa.com\\\/index.php\\\/2026\\\/04\\\/28\\\/lista-de-la-seleccion-mexicana-para-el-mundial-2026-ultimas-actualizaciones-de-la-convocatoria-hoy\\\/#primaryimage\"},\"thumbnailUrl\":\"https:\\\/\\\/sendanoticiosa.com\\\/wp-content\\\/uploads\\\/2026\\\/04\\\/17772103822052.jpg\",\"datePublished\":\"2026-04-28T04:57:31+00:00\",\"author\":{\"@id\":\"\"},\"breadcrumb\":{\"@id\":\"https:\\\/\\\/sendanoticiosa.com\\\/index.php\\\/2026\\\/04\\\/28\\\/lista-de-la-seleccion-mexicana-para-el-mundial-2026-ultimas-actualizaciones-de-la-convocatoria-hoy\\\/#breadcrumb\"},\"inLanguage\":\"en-US\",\"potentialAction\":[{\"@type\":\"ReadAction\",\"target\":[\"https:\\\/\\\/sendanoticiosa.com\\\/index.php\\\/2026\\\/04\\\/28\\\/lista-de-la-seleccion-mexicana-para-el-mundial-2026-ultimas-actualizaciones-de-la-convocatoria-hoy\\\/\"]}]},{\"@type\":\"ImageObject\",\"inLanguage\":\"en-US\",\"@id\":\"https:\\\/\\\/sendanoticiosa.com\\\/index.php\\\/2026\\\/04\\\/28\\\/lista-de-la-seleccion-mexicana-para-el-mundial-2026-ultimas-actualizaciones-de-la-convocatoria-hoy\\\/#primaryimage\",\"url\":\"https:\\\/\\\/sendanoticiosa.com\\\/wp-content\\\/uploads\\\/2026\\\/04\\\/17772103822052.jpg\",\"contentUrl\":\"https:\\\/\\\/sendanoticiosa.com\\\/wp-content\\\/uploads\\\/2026\\\/04\\\/17772103822052.jpg\",\"width\":1980,\"height\":1320,\"caption\":\"Lista de la Selecci\u00f3n Mexicana para el Mundial 2026. \u00daltimas actualizaciones de la Convocatoria hoy\"},{\"@type\":\"BreadcrumbList\",\"@id\":\"https:\\\/\\\/sendanoticiosa.com\\\/index.php\\\/2026\\\/04\\\/28\\\/lista-de-la-seleccion-mexicana-para-el-mundial-2026-ultimas-actualizaciones-de-la-convocatoria-hoy\\\/#breadcrumb\",\"itemListElement\":[{\"@type\":\"ListItem\",\"position\":1,\"name\":\"Portada\",\"item\":\"https:\\\/\\\/sendanoticiosa.com\\\/\"},{\"@type\":\"ListItem\",\"position\":2,\"name\":\"Lista de la Selecci\u00f3n Mexicana para el Mundial 2026. \u00daltimas actualizaciones de la Convocatoria hoy\"}]},{\"@type\":\"WebSite\",\"@id\":\"https:\\\/\\\/sendanoticiosa.com\\\/#website\",\"url\":\"https:\\\/\\\/sendanoticiosa.com\\\/\",\"name\":\"Senda Noticiosa\",\"description\":\"\",\"potentialAction\":[{\"@type\":\"SearchAction\",\"target\":{\"@type\":\"EntryPoint\",\"urlTemplate\":\"https:\\\/\\\/sendanoticiosa.com\\\/?s={search_term_string}\"},\"query-input\":{\"@type\":\"PropertyValueSpecification\",\"valueRequired\":true,\"valueName\":\"search_term_string\"}}],\"inLanguage\":\"en-US\"}]}<\/script>\n<!-- \/ Yoast SEO plugin. -->","yoast_head_json":{"title":"Lista de la Selecci\u00f3n Mexicana para el Mundial 2026. \u00daltimas actualizaciones de la Convocatoria hoy - Senda Noticiosa","robots":{"index":"index","follow":"follow","max-snippet":"max-snippet:-1","max-image-preview":"max-image-preview:large","max-video-preview":"max-video-preview:-1"},"canonical":"https:\/\/sendanoticiosa.com\/index.php\/2026\/04\/28\/lista-de-la-seleccion-mexicana-para-el-mundial-2026-ultimas-actualizaciones-de-la-convocatoria-hoy\/","og_locale":"en_US","og_type":"article","og_title":"Lista de la Selecci\u00f3n Mexicana para el Mundial 2026. \u00daltimas actualizaciones de la Convocatoria hoy - Senda Noticiosa","og_description":"D\u00eda: Lunes 27 de Abril e 2026 \u00bfA qu\u00e9 hora ser\u00e1? Por anunciar Consentidos de Javier Aguirre en el Tri Durante los \u00faltimos meses se ha ido definiendo el equipo de Javier Aguirre, por lo que ya hay jugadores que son inamovibles en el Tri. Entre ellos est\u00e1n: Ra\u00fal Rangel C\u00e9sar Montes Erik Lira Jes\u00fas [&hellip;]","og_url":"https:\/\/sendanoticiosa.com\/index.php\/2026\/04\/28\/lista-de-la-seleccion-mexicana-para-el-mundial-2026-ultimas-actualizaciones-de-la-convocatoria-hoy\/","og_site_name":"Senda Noticiosa","article_published_time":"2026-04-28T04:57:31+00:00","twitter_card":"summary_large_image","twitter_misc":{"Est. reading time":"1 minute"},"schema":{"@context":"https:\/\/schema.org","@graph":[{"@type":"Article","@id":"https:\/\/sendanoticiosa.com\/index.php\/2026\/04\/28\/lista-de-la-seleccion-mexicana-para-el-mundial-2026-ultimas-actualizaciones-de-la-convocatoria-hoy\/#article","isPartOf":{"@id":"https:\/\/sendanoticiosa.com\/index.php\/2026\/04\/28\/lista-de-la-seleccion-mexicana-para-el-mundial-2026-ultimas-actualizaciones-de-la-convocatoria-hoy\/"},"author":{"name":"","@id":""},"headline":"Lista de la Selecci\u00f3n Mexicana para el Mundial 2026. \u00daltimas actualizaciones de la Convocatoria hoy","datePublished":"2026-04-28T04:57:31+00:00","mainEntityOfPage":{"@id":"https:\/\/sendanoticiosa.com\/index.php\/2026\/04\/28\/lista-de-la-seleccion-mexicana-para-el-mundial-2026-ultimas-actualizaciones-de-la-convocatoria-hoy\/"},"wordCount":139,"commentCount":0,"image":{"@id":"https:\/\/sendanoticiosa.com\/index.php\/2026\/04\/28\/lista-de-la-seleccion-mexicana-para-el-mundial-2026-ultimas-actualizaciones-de-la-convocatoria-hoy\/#primaryimage"},"thumbnailUrl":"https:\/\/sendanoticiosa.com\/wp-content\/uploads\/2026\/04\/17772103822052.jpg","articleSection":["Deportes"],"inLanguage":"en-US","potentialAction":[{"@type":"CommentAction","name":"Comment","target":["https:\/\/sendanoticiosa.com\/index.php\/2026\/04\/28\/lista-de-la-seleccion-mexicana-para-el-mundial-2026-ultimas-actualizaciones-de-la-convocatoria-hoy\/#respond"]}]},{"@type":"WebPage","@id":"https:\/\/sendanoticiosa.com\/index.php\/2026\/04\/28\/lista-de-la-seleccion-mexicana-para-el-mundial-2026-ultimas-actualizaciones-de-la-convocatoria-hoy\/","url":"https:\/\/sendanoticiosa.com\/index.php\/2026\/04\/28\/lista-de-la-seleccion-mexicana-para-el-mundial-2026-ultimas-actualizaciones-de-la-convocatoria-hoy\/","name":"Lista de la Selecci\u00f3n Mexicana para el Mundial 2026. \u00daltimas actualizaciones de la Convocatoria hoy - Senda Noticiosa","isPartOf":{"@id":"https:\/\/sendanoticiosa.com\/#website"},"primaryImageOfPage":{"@id":"https:\/\/sendanoticiosa.com\/index.php\/2026\/04\/28\/lista-de-la-seleccion-mexicana-para-el-mundial-2026-ultimas-actualizaciones-de-la-convocatoria-hoy\/#primaryimage"},"image":{"@id":"https:\/\/sendanoticiosa.com\/index.php\/2026\/04\/28\/lista-de-la-seleccion-mexicana-para-el-mundial-2026-ultimas-actualizaciones-de-la-convocatoria-hoy\/#primaryimage"},"thumbnailUrl":"https:\/\/sendanoticiosa.com\/wp-content\/uploads\/2026\/04\/17772103822052.jpg","datePublished":"2026-04-28T04:57:31+00:00","author":{"@id":""},"breadcrumb":{"@id":"https:\/\/sendanoticiosa.com\/index.php\/2026\/04\/28\/lista-de-la-seleccion-mexicana-para-el-mundial-2026-ultimas-actualizaciones-de-la-convocatoria-hoy\/#breadcrumb"},"inLanguage":"en-US","potentialAction":[{"@type":"ReadAction","target":["https:\/\/sendanoticiosa.com\/index.php\/2026\/04\/28\/lista-de-la-seleccion-mexicana-para-el-mundial-2026-ultimas-actualizaciones-de-la-convocatoria-hoy\/"]}]},{"@type":"ImageObject","inLanguage":"en-US","@id":"https:\/\/sendanoticiosa.com\/index.php\/2026\/04\/28\/lista-de-la-seleccion-mexicana-para-el-mundial-2026-ultimas-actualizaciones-de-la-convocatoria-hoy\/#primaryimage","url":"https:\/\/sendanoticiosa.com\/wp-content\/uploads\/2026\/04\/17772103822052.jpg","contentUrl":"https:\/\/sendanoticiosa.com\/wp-content\/uploads\/2026\/04\/17772103822052.jpg","width":1980,"height":1320,"caption":"Lista de la Selecci\u00f3n Mexicana para el Mundial 2026. \u00daltimas actualizaciones de la Convocatoria hoy"},{"@type":"BreadcrumbList","@id":"https:\/\/sendanoticiosa.com\/index.php\/2026\/04\/28\/lista-de-la-seleccion-mexicana-para-el-mundial-2026-ultimas-actualizaciones-de-la-convocatoria-hoy\/#breadcrumb","itemListElement":[{"@type":"ListItem","position":1,"name":"Portada","item":"https:\/\/sendanoticiosa.com\/"},{"@type":"ListItem","position":2,"name":"Lista de la Selecci\u00f3n Mexicana para el Mundial 2026. \u00daltimas actualizaciones de la Convocatoria hoy"}]},{"@type":"WebSite","@id":"https:\/\/sendanoticiosa.com\/#website","url":"https:\/\/sendanoticiosa.com\/","name":"Senda Noticiosa","description":"","potentialAction":[{"@type":"SearchAction","target":{"@type":"EntryPoint","urlTemplate":"https:\/\/sendanoticiosa.com\/?s={search_term_string}"},"query-input":{"@type":"PropertyValueSpecification","valueRequired":true,"valueName":"search_term_string"}}],"inLanguage":"en-US"}]}},"_links":{"self":[{"href":"https:\/\/sendanoticiosa.com\/index.php\/wp-json\/wp\/v2\/posts\/8004","targetHints":{"allow":["GET"]}}],"collection":[{"href":"https:\/\/sendanoticiosa.com\/index.php\/wp-json\/wp\/v2\/posts"}],"about":[{"href":"https:\/\/sendanoticiosa.com\/index.php\/wp-json\/wp\/v2\/types\/post"}],"replies":[{"embeddable":true,"href":"https:\/\/sendanoticiosa.com\/index.php\/wp-json\/wp\/v2\/comments?post=8004"}],"version-history":[{"count":0,"href":"https:\/\/sendanoticiosa.com\/index.php\/wp-json\/wp\/v2\/posts\/8004\/revisions"}],"wp:featuredmedia":[{"embeddable":true,"href":"https:\/\/sendanoticiosa.com\/index.php\/wp-json\/wp\/v2\/media\/8005"}],"wp:attachment":[{"href":"https:\/\/sendanoticiosa.com\/index.php\/wp-json\/wp\/v2\/media?parent=8004"}],"wp:term":[{"taxonomy":"category","embeddable":true,"href":"https:\/\/sendanoticiosa.com\/index.php\/wp-json\/wp\/v2\/categories?post=8004"},{"taxonomy":"post_tag","embeddable":true,"href":"https:\/\/sendanoticiosa.com\/index.php\/wp-json\/wp\/v2\/tags?post=8004"}],"curies":[{"name":"wp","href":"https:\/\/api.w.org\/{rel}","templated":true}]}}