{"id":8007,"date":"2026-04-28T22:17:40","date_gmt":"2026-04-28T20:17:40","guid":{"rendered":"https:\/\/sendanoticiosa.com\/?p=8007"},"modified":"2026-04-28T22:17:41","modified_gmt":"2026-04-28T20:17:41","slug":"anuncia-sheinbaum-salida-de-moctezuma-de-embajada-en-eu","status":"publish","type":"post","link":"https:\/\/sendanoticiosa.com\/index.php\/2026\/04\/28\/anuncia-sheinbaum-salida-de-moctezuma-de-embajada-en-eu\/","title":{"rendered":"Anuncia Sheinbaum salida de Moctezuma de embajada en EU"},"content":{"rendered":"\n<p>La titular del Ejecutivo adelant\u00f3 que Roberto Lazzeri ser\u00e1 propuesto como nuevo embajador<\/p>\n\n\n\n<p>La presidenta de M\u00e9xico, Claudia Sheinbaum Pardo, reconoci\u00f3 p\u00fablicamente la labor de Esteban Moctezuma al frente de la embajada mexicana en Estados Unidos, cargo que concluy\u00f3 el 27 de abril.<\/p>\n\n\n\n<p>Mediante un video difundido en sus redes sociales, la mandataria destac\u00f3 el desempe\u00f1o del diplom\u00e1tico, quien asumi\u00f3 esa representaci\u00f3n el 16 de febrero de 2021, y asegur\u00f3 que su trabajo fue clave en distintos momentos para la relaci\u00f3n bilateral.<\/p>\n\n\n\n<p>Sheinbaum afirm\u00f3 que Moctezuma represent\u00f3 a M\u00e9xico con dignidad y firmeza, adem\u00e1s de colaborar estrechamente con su administraci\u00f3n en temas relevantes para la comunidad mexicana. Como ejemplo, record\u00f3 su participaci\u00f3n en las gestiones para reducir la propuesta de imponer un gravamen elevado a las remesas enviadas desde Estados Unidos.<\/p>\n\n\n\n<p>En ese mismo mensaje, la titular del Ejecutivo adelant\u00f3 que Roberto Lazzeri ser\u00e1 propuesto como nuevo embajador de M\u00e9xico en Estados Unidos, aunque precis\u00f3 que todav\u00eda deben cumplirse los procedimientos diplom\u00e1ticos correspondientes antes de formalizar el nombramiento.<\/p>\n\n\n\n<p>Asimismo, se\u00f1al\u00f3 que Esteban Moctezuma continuar\u00e1 colaborando dentro del Gobierno de M\u00e9xico y que m\u00e1s adelante se dar\u00e1n a conocer las responsabilidades que asumir\u00e1 en su nueva etapa dentro de la administraci\u00f3n federal.<\/p>\n\n\n\n<p>Por su parte, Esteban Moctezuma agradeci\u00f3 el respaldo de la presidenta. En tanto, Roberto Velasco tambi\u00e9n expres\u00f3 un reconocimiento a la gesti\u00f3n realizada por el ahora exembajador.<\/p>\n","protected":false},"excerpt":{"rendered":"<p>La titular del Ejecutivo adelant\u00f3 que Roberto Lazzeri ser\u00e1 propuesto como nuevo embajador La presidenta de M\u00e9xico, Claudia Sheinbaum Pardo, reconoci\u00f3 p\u00fablicamente la labor de Esteban Moctezuma al frente de la embajada mexicana en Estados Unidos, cargo que concluy\u00f3 el 27 de abril. Mediante un video difundido en sus redes sociales, la mandataria destac\u00f3 el [&hellip;]<\/p>\n","protected":false},"author":1,"featured_media":8008,"comment_status":"open","ping_status":"open","sticky":false,"template":"","format":"standard","meta":{"inline_featured_image":false,"footnotes":""},"categories":[51],"tags":[],"class_list":["post-8007","post","type-post","status-publish","format-standard","has-post-thumbnail","hentry","category-nacional"],"yoast_head":"<!-- This site is optimized with the Yoast SEO plugin v27.5 - https:\/\/yoast.com\/product\/yoast-seo-wordpress\/ -->\n<title>Anuncia Sheinbaum salida de Moctezuma de embajada en EU - Senda Noticiosa<\/title>\n<meta name=\"robots\" content=\"index, follow, max-snippet:-1, max-image-preview:large, max-video-preview:-1\" \/>\n<link rel=\"canonical\" href=\"https:\/\/sendanoticiosa.com\/index.php\/2026\/04\/28\/anuncia-sheinbaum-salida-de-moctezuma-de-embajada-en-eu\/\" \/>\n<meta property=\"og:locale\" content=\"en_US\" \/>\n<meta property=\"og:type\" content=\"article\" \/>\n<meta property=\"og:title\" content=\"Anuncia Sheinbaum salida de Moctezuma de embajada en EU - Senda Noticiosa\" \/>\n<meta property=\"og:description\" content=\"La titular del Ejecutivo adelant\u00f3 que Roberto Lazzeri ser\u00e1 propuesto como nuevo embajador La presidenta de M\u00e9xico, Claudia Sheinbaum Pardo, reconoci\u00f3 p\u00fablicamente la labor de Esteban Moctezuma al frente de la embajada mexicana en Estados Unidos, cargo que concluy\u00f3 el 27 de abril. Mediante un video difundido en sus redes sociales, la mandataria destac\u00f3 el [&hellip;]\" \/>\n<meta property=\"og:url\" content=\"https:\/\/sendanoticiosa.com\/index.php\/2026\/04\/28\/anuncia-sheinbaum-salida-de-moctezuma-de-embajada-en-eu\/\" \/>\n<meta property=\"og:site_name\" content=\"Senda Noticiosa\" \/>\n<meta property=\"article:published_time\" content=\"2026-04-28T20:17:40+00:00\" \/>\n<meta property=\"article:modified_time\" content=\"2026-04-28T20:17:41+00:00\" \/>\n<meta property=\"og:image\" content=\"https:\/\/sendanoticiosa.com\/wp-content\/uploads\/2026\/04\/34.-Anuncia-Sheinbau.webp\" \/>\n\t<meta property=\"og:image:width\" content=\"1280\" \/>\n\t<meta property=\"og:image:height\" content=\"853\" \/>\n\t<meta property=\"og:image:type\" content=\"image\/webp\" \/>\n<meta name=\"author\" content=\"sendanoticom\" \/>\n<meta name=\"twitter:card\" content=\"summary_large_image\" \/>\n<meta name=\"twitter:label1\" content=\"Written by\" \/>\n\t<meta name=\"twitter:data1\" content=\"sendanoticom\" \/>\n\t<meta name=\"twitter:label2\" content=\"Est. reading time\" \/>\n\t<meta name=\"twitter:data2\" content=\"2 minutes\" \/>\n<script type=\"application\/ld+json\" class=\"yoast-schema-graph\">{\"@context\":\"https:\\\/\\\/schema.org\",\"@graph\":[{\"@type\":\"Article\",\"@id\":\"https:\\\/\\\/sendanoticiosa.com\\\/index.php\\\/2026\\\/04\\\/28\\\/anuncia-sheinbaum-salida-de-moctezuma-de-embajada-en-eu\\\/#article\",\"isPartOf\":{\"@id\":\"https:\\\/\\\/sendanoticiosa.com\\\/index.php\\\/2026\\\/04\\\/28\\\/anuncia-sheinbaum-salida-de-moctezuma-de-embajada-en-eu\\\/\"},\"author\":{\"name\":\"sendanoticom\",\"@id\":\"https:\\\/\\\/sendanoticiosa.com\\\/#\\\/schema\\\/person\\\/d8594fe19a3f804aa373a89f0b59c180\"},\"headline\":\"Anuncia Sheinbaum salida de Moctezuma de embajada en EU\",\"datePublished\":\"2026-04-28T20:17:40+00:00\",\"dateModified\":\"2026-04-28T20:17:41+00:00\",\"mainEntityOfPage\":{\"@id\":\"https:\\\/\\\/sendanoticiosa.com\\\/index.php\\\/2026\\\/04\\\/28\\\/anuncia-sheinbaum-salida-de-moctezuma-de-embajada-en-eu\\\/\"},\"wordCount\":254,\"commentCount\":0,\"image\":{\"@id\":\"https:\\\/\\\/sendanoticiosa.com\\\/index.php\\\/2026\\\/04\\\/28\\\/anuncia-sheinbaum-salida-de-moctezuma-de-embajada-en-eu\\\/#primaryimage\"},\"thumbnailUrl\":\"https:\\\/\\\/sendanoticiosa.com\\\/wp-content\\\/uploads\\\/2026\\\/04\\\/34.-Anuncia-Sheinbau.webp\",\"articleSection\":[\"Nacional\"],\"inLanguage\":\"en-US\",\"potentialAction\":[{\"@type\":\"CommentAction\",\"name\":\"Comment\",\"target\":[\"https:\\\/\\\/sendanoticiosa.com\\\/index.php\\\/2026\\\/04\\\/28\\\/anuncia-sheinbaum-salida-de-moctezuma-de-embajada-en-eu\\\/#respond\"]}]},{\"@type\":\"WebPage\",\"@id\":\"https:\\\/\\\/sendanoticiosa.com\\\/index.php\\\/2026\\\/04\\\/28\\\/anuncia-sheinbaum-salida-de-moctezuma-de-embajada-en-eu\\\/\",\"url\":\"https:\\\/\\\/sendanoticiosa.com\\\/index.php\\\/2026\\\/04\\\/28\\\/anuncia-sheinbaum-salida-de-moctezuma-de-embajada-en-eu\\\/\",\"name\":\"Anuncia Sheinbaum salida de Moctezuma de embajada en EU - Senda Noticiosa\",\"isPartOf\":{\"@id\":\"https:\\\/\\\/sendanoticiosa.com\\\/#website\"},\"primaryImageOfPage\":{\"@id\":\"https:\\\/\\\/sendanoticiosa.com\\\/index.php\\\/2026\\\/04\\\/28\\\/anuncia-sheinbaum-salida-de-moctezuma-de-embajada-en-eu\\\/#primaryimage\"},\"image\":{\"@id\":\"https:\\\/\\\/sendanoticiosa.com\\\/index.php\\\/2026\\\/04\\\/28\\\/anuncia-sheinbaum-salida-de-moctezuma-de-embajada-en-eu\\\/#primaryimage\"},\"thumbnailUrl\":\"https:\\\/\\\/sendanoticiosa.com\\\/wp-content\\\/uploads\\\/2026\\\/04\\\/34.-Anuncia-Sheinbau.webp\",\"datePublished\":\"2026-04-28T20:17:40+00:00\",\"dateModified\":\"2026-04-28T20:17:41+00:00\",\"author\":{\"@id\":\"https:\\\/\\\/sendanoticiosa.com\\\/#\\\/schema\\\/person\\\/d8594fe19a3f804aa373a89f0b59c180\"},\"breadcrumb\":{\"@id\":\"https:\\\/\\\/sendanoticiosa.com\\\/index.php\\\/2026\\\/04\\\/28\\\/anuncia-sheinbaum-salida-de-moctezuma-de-embajada-en-eu\\\/#breadcrumb\"},\"inLanguage\":\"en-US\",\"potentialAction\":[{\"@type\":\"ReadAction\",\"target\":[\"https:\\\/\\\/sendanoticiosa.com\\\/index.php\\\/2026\\\/04\\\/28\\\/anuncia-sheinbaum-salida-de-moctezuma-de-embajada-en-eu\\\/\"]}]},{\"@type\":\"ImageObject\",\"inLanguage\":\"en-US\",\"@id\":\"https:\\\/\\\/sendanoticiosa.com\\\/index.php\\\/2026\\\/04\\\/28\\\/anuncia-sheinbaum-salida-de-moctezuma-de-embajada-en-eu\\\/#primaryimage\",\"url\":\"https:\\\/\\\/sendanoticiosa.com\\\/wp-content\\\/uploads\\\/2026\\\/04\\\/34.-Anuncia-Sheinbau.webp\",\"contentUrl\":\"https:\\\/\\\/sendanoticiosa.com\\\/wp-content\\\/uploads\\\/2026\\\/04\\\/34.-Anuncia-Sheinbau.webp\",\"width\":1280,\"height\":853},{\"@type\":\"BreadcrumbList\",\"@id\":\"https:\\\/\\\/sendanoticiosa.com\\\/index.php\\\/2026\\\/04\\\/28\\\/anuncia-sheinbaum-salida-de-moctezuma-de-embajada-en-eu\\\/#breadcrumb\",\"itemListElement\":[{\"@type\":\"ListItem\",\"position\":1,\"name\":\"Portada\",\"item\":\"https:\\\/\\\/sendanoticiosa.com\\\/\"},{\"@type\":\"ListItem\",\"position\":2,\"name\":\"Anuncia Sheinbaum salida de Moctezuma de embajada en EU\"}]},{\"@type\":\"WebSite\",\"@id\":\"https:\\\/\\\/sendanoticiosa.com\\\/#website\",\"url\":\"https:\\\/\\\/sendanoticiosa.com\\\/\",\"name\":\"Senda Noticiosa\",\"description\":\"\",\"potentialAction\":[{\"@type\":\"SearchAction\",\"target\":{\"@type\":\"EntryPoint\",\"urlTemplate\":\"https:\\\/\\\/sendanoticiosa.com\\\/?s={search_term_string}\"},\"query-input\":{\"@type\":\"PropertyValueSpecification\",\"valueRequired\":true,\"valueName\":\"search_term_string\"}}],\"inLanguage\":\"en-US\"},{\"@type\":\"Person\",\"@id\":\"https:\\\/\\\/sendanoticiosa.com\\\/#\\\/schema\\\/person\\\/d8594fe19a3f804aa373a89f0b59c180\",\"name\":\"sendanoticom\",\"image\":{\"@type\":\"ImageObject\",\"inLanguage\":\"en-US\",\"@id\":\"https:\\\/\\\/secure.gravatar.com\\\/avatar\\\/ba34ef5c85a7337be858cab52ef8a3ec8e6226b79910ac1660585e274b4a4314?s=96&d=mm&r=g\",\"url\":\"https:\\\/\\\/secure.gravatar.com\\\/avatar\\\/ba34ef5c85a7337be858cab52ef8a3ec8e6226b79910ac1660585e274b4a4314?s=96&d=mm&r=g\",\"contentUrl\":\"https:\\\/\\\/secure.gravatar.com\\\/avatar\\\/ba34ef5c85a7337be858cab52ef8a3ec8e6226b79910ac1660585e274b4a4314?s=96&d=mm&r=g\",\"caption\":\"sendanoticom\"},\"sameAs\":[\"https:\\\/\\\/sendanoticiosa.com\"],\"url\":\"https:\\\/\\\/sendanoticiosa.com\\\/index.php\\\/author\\\/sendanoticom\\\/\"}]}<\/script>\n<!-- \/ Yoast SEO plugin. -->","yoast_head_json":{"title":"Anuncia Sheinbaum salida de Moctezuma de embajada en EU - Senda Noticiosa","robots":{"index":"index","follow":"follow","max-snippet":"max-snippet:-1","max-image-preview":"max-image-preview:large","max-video-preview":"max-video-preview:-1"},"canonical":"https:\/\/sendanoticiosa.com\/index.php\/2026\/04\/28\/anuncia-sheinbaum-salida-de-moctezuma-de-embajada-en-eu\/","og_locale":"en_US","og_type":"article","og_title":"Anuncia Sheinbaum salida de Moctezuma de embajada en EU - Senda Noticiosa","og_description":"La titular del Ejecutivo adelant\u00f3 que Roberto Lazzeri ser\u00e1 propuesto como nuevo embajador La presidenta de M\u00e9xico, Claudia Sheinbaum Pardo, reconoci\u00f3 p\u00fablicamente la labor de Esteban Moctezuma al frente de la embajada mexicana en Estados Unidos, cargo que concluy\u00f3 el 27 de abril. Mediante un video difundido en sus redes sociales, la mandataria destac\u00f3 el [&hellip;]","og_url":"https:\/\/sendanoticiosa.com\/index.php\/2026\/04\/28\/anuncia-sheinbaum-salida-de-moctezuma-de-embajada-en-eu\/","og_site_name":"Senda Noticiosa","article_published_time":"2026-04-28T20:17:40+00:00","article_modified_time":"2026-04-28T20:17:41+00:00","og_image":[{"width":1280,"height":853,"url":"https:\/\/sendanoticiosa.com\/wp-content\/uploads\/2026\/04\/34.-Anuncia-Sheinbau.webp","type":"image\/webp"}],"author":"sendanoticom","twitter_card":"summary_large_image","twitter_misc":{"Written by":"sendanoticom","Est. reading time":"2 minutes"},"schema":{"@context":"https:\/\/schema.org","@graph":[{"@type":"Article","@id":"https:\/\/sendanoticiosa.com\/index.php\/2026\/04\/28\/anuncia-sheinbaum-salida-de-moctezuma-de-embajada-en-eu\/#article","isPartOf":{"@id":"https:\/\/sendanoticiosa.com\/index.php\/2026\/04\/28\/anuncia-sheinbaum-salida-de-moctezuma-de-embajada-en-eu\/"},"author":{"name":"sendanoticom","@id":"https:\/\/sendanoticiosa.com\/#\/schema\/person\/d8594fe19a3f804aa373a89f0b59c180"},"headline":"Anuncia Sheinbaum salida de Moctezuma de embajada en EU","datePublished":"2026-04-28T20:17:40+00:00","dateModified":"2026-04-28T20:17:41+00:00","mainEntityOfPage":{"@id":"https:\/\/sendanoticiosa.com\/index.php\/2026\/04\/28\/anuncia-sheinbaum-salida-de-moctezuma-de-embajada-en-eu\/"},"wordCount":254,"commentCount":0,"image":{"@id":"https:\/\/sendanoticiosa.com\/index.php\/2026\/04\/28\/anuncia-sheinbaum-salida-de-moctezuma-de-embajada-en-eu\/#primaryimage"},"thumbnailUrl":"https:\/\/sendanoticiosa.com\/wp-content\/uploads\/2026\/04\/34.-Anuncia-Sheinbau.webp","articleSection":["Nacional"],"inLanguage":"en-US","potentialAction":[{"@type":"CommentAction","name":"Comment","target":["https:\/\/sendanoticiosa.com\/index.php\/2026\/04\/28\/anuncia-sheinbaum-salida-de-moctezuma-de-embajada-en-eu\/#respond"]}]},{"@type":"WebPage","@id":"https:\/\/sendanoticiosa.com\/index.php\/2026\/04\/28\/anuncia-sheinbaum-salida-de-moctezuma-de-embajada-en-eu\/","url":"https:\/\/sendanoticiosa.com\/index.php\/2026\/04\/28\/anuncia-sheinbaum-salida-de-moctezuma-de-embajada-en-eu\/","name":"Anuncia Sheinbaum salida de Moctezuma de embajada en EU - Senda Noticiosa","isPartOf":{"@id":"https:\/\/sendanoticiosa.com\/#website"},"primaryImageOfPage":{"@id":"https:\/\/sendanoticiosa.com\/index.php\/2026\/04\/28\/anuncia-sheinbaum-salida-de-moctezuma-de-embajada-en-eu\/#primaryimage"},"image":{"@id":"https:\/\/sendanoticiosa.com\/index.php\/2026\/04\/28\/anuncia-sheinbaum-salida-de-moctezuma-de-embajada-en-eu\/#primaryimage"},"thumbnailUrl":"https:\/\/sendanoticiosa.com\/wp-content\/uploads\/2026\/04\/34.-Anuncia-Sheinbau.webp","datePublished":"2026-04-28T20:17:40+00:00","dateModified":"2026-04-28T20:17:41+00:00","author":{"@id":"https:\/\/sendanoticiosa.com\/#\/schema\/person\/d8594fe19a3f804aa373a89f0b59c180"},"breadcrumb":{"@id":"https:\/\/sendanoticiosa.com\/index.php\/2026\/04\/28\/anuncia-sheinbaum-salida-de-moctezuma-de-embajada-en-eu\/#breadcrumb"},"inLanguage":"en-US","potentialAction":[{"@type":"ReadAction","target":["https:\/\/sendanoticiosa.com\/index.php\/2026\/04\/28\/anuncia-sheinbaum-salida-de-moctezuma-de-embajada-en-eu\/"]}]},{"@type":"ImageObject","inLanguage":"en-US","@id":"https:\/\/sendanoticiosa.com\/index.php\/2026\/04\/28\/anuncia-sheinbaum-salida-de-moctezuma-de-embajada-en-eu\/#primaryimage","url":"https:\/\/sendanoticiosa.com\/wp-content\/uploads\/2026\/04\/34.-Anuncia-Sheinbau.webp","contentUrl":"https:\/\/sendanoticiosa.com\/wp-content\/uploads\/2026\/04\/34.-Anuncia-Sheinbau.webp","width":1280,"height":853},{"@type":"BreadcrumbList","@id":"https:\/\/sendanoticiosa.com\/index.php\/2026\/04\/28\/anuncia-sheinbaum-salida-de-moctezuma-de-embajada-en-eu\/#breadcrumb","itemListElement":[{"@type":"ListItem","position":1,"name":"Portada","item":"https:\/\/sendanoticiosa.com\/"},{"@type":"ListItem","position":2,"name":"Anuncia Sheinbaum salida de Moctezuma de embajada en EU"}]},{"@type":"WebSite","@id":"https:\/\/sendanoticiosa.com\/#website","url":"https:\/\/sendanoticiosa.com\/","name":"Senda Noticiosa","description":"","potentialAction":[{"@type":"SearchAction","target":{"@type":"EntryPoint","urlTemplate":"https:\/\/sendanoticiosa.com\/?s={search_term_string}"},"query-input":{"@type":"PropertyValueSpecification","valueRequired":true,"valueName":"search_term_string"}}],"inLanguage":"en-US"},{"@type":"Person","@id":"https:\/\/sendanoticiosa.com\/#\/schema\/person\/d8594fe19a3f804aa373a89f0b59c180","name":"sendanoticom","image":{"@type":"ImageObject","inLanguage":"en-US","@id":"https:\/\/secure.gravatar.com\/avatar\/ba34ef5c85a7337be858cab52ef8a3ec8e6226b79910ac1660585e274b4a4314?s=96&d=mm&r=g","url":"https:\/\/secure.gravatar.com\/avatar\/ba34ef5c85a7337be858cab52ef8a3ec8e6226b79910ac1660585e274b4a4314?s=96&d=mm&r=g","contentUrl":"https:\/\/secure.gravatar.com\/avatar\/ba34ef5c85a7337be858cab52ef8a3ec8e6226b79910ac1660585e274b4a4314?s=96&d=mm&r=g","caption":"sendanoticom"},"sameAs":["https:\/\/sendanoticiosa.com"],"url":"https:\/\/sendanoticiosa.com\/index.php\/author\/sendanoticom\/"}]}},"_links":{"self":[{"href":"https:\/\/sendanoticiosa.com\/index.php\/wp-json\/wp\/v2\/posts\/8007","targetHints":{"allow":["GET"]}}],"collection":[{"href":"https:\/\/sendanoticiosa.com\/index.php\/wp-json\/wp\/v2\/posts"}],"about":[{"href":"https:\/\/sendanoticiosa.com\/index.php\/wp-json\/wp\/v2\/types\/post"}],"author":[{"embeddable":true,"href":"https:\/\/sendanoticiosa.com\/index.php\/wp-json\/wp\/v2\/users\/1"}],"replies":[{"embeddable":true,"href":"https:\/\/sendanoticiosa.com\/index.php\/wp-json\/wp\/v2\/comments?post=8007"}],"version-history":[{"count":1,"href":"https:\/\/sendanoticiosa.com\/index.php\/wp-json\/wp\/v2\/posts\/8007\/revisions"}],"predecessor-version":[{"id":8009,"href":"https:\/\/sendanoticiosa.com\/index.php\/wp-json\/wp\/v2\/posts\/8007\/revisions\/8009"}],"wp:featuredmedia":[{"embeddable":true,"href":"https:\/\/sendanoticiosa.com\/index.php\/wp-json\/wp\/v2\/media\/8008"}],"wp:attachment":[{"href":"https:\/\/sendanoticiosa.com\/index.php\/wp-json\/wp\/v2\/media?parent=8007"}],"wp:term":[{"taxonomy":"category","embeddable":true,"href":"https:\/\/sendanoticiosa.com\/index.php\/wp-json\/wp\/v2\/categories?post=8007"},{"taxonomy":"post_tag","embeddable":true,"href":"https:\/\/sendanoticiosa.com\/index.php\/wp-json\/wp\/v2\/tags?post=8007"}],"curies":[{"name":"wp","href":"https:\/\/api.w.org\/{rel}","templated":true}]}}