{"id":8010,"date":"2026-04-29T06:59:47","date_gmt":"2026-04-29T04:59:47","guid":{"rendered":"https:\/\/sendanoticiosa.com\/index.php\/2026\/04\/29\/memote-martinez-y-6-chivas-irian-a-la-copa-del-mundo-la-lista-de-convocados-de-la-liga-mx-se-confirmara-en-las-proximas-horas\/"},"modified":"2026-04-29T06:59:47","modified_gmt":"2026-04-29T04:59:47","slug":"memote-martinez-y-6-chivas-irian-a-la-copa-del-mundo-la-lista-de-convocados-de-la-liga-mx-se-confirmara-en-las-proximas-horas","status":"publish","type":"post","link":"https:\/\/sendanoticiosa.com\/index.php\/2026\/04\/29\/memote-martinez-y-6-chivas-irian-a-la-copa-del-mundo-la-lista-de-convocados-de-la-liga-mx-se-confirmara-en-las-proximas-horas\/","title":{"rendered":"Memote Mart\u00ednez y 6 Chivas ir\u00edan a la Copa del Mundo; la lista de convocados de la Liga MX se confirmar\u00e1 en las pr\u00f3ximas horas"},"content":{"rendered":"<p>Memote Mart\u00ednez ser\u00eda convocado a la Copa del Mundo La situaci\u00f3n es que Javier Aguirre quiere un delantero que domine el juego a\u00e9reo y que pueda resolver el partido en los \u00faltimos minutos; el \u00fanico con esas condiciones es Guillermo Mart\u00ednez. Es por eso que se ha filtrado que el delantero de los Pumas de la UNAM ser\u00eda uno de los convocados a la Copa del Mundo. Memote Mart\u00ednez fue convocado a la pasada Fecha FIFA y no tuvo minutos, pero sigue siendo del agrado de Javier Aguirre; el sacrificado ser\u00eda Germ\u00e1n Berterame del Inter Miami o, en una de&#8230;<\/p>\n<p>Fuente: <a href=\"https:\/\/www.marca.com\/mx\/futbol\/seleccion-mx\/2026\/04\/28\/69f03812e2704efc648b458d.html\" target=\"_blank\" rel=\"nofollow noopener\">https:\/\/www.marca.com\/mx\/futbol\/seleccion-mx\/2026\/04\/28\/69f03812e2704efc648b458d.html<\/a><\/p>\n","protected":false},"excerpt":{"rendered":"<p>Memote Mart\u00ednez ser\u00eda convocado a la Copa del Mundo La situaci\u00f3n es que Javier Aguirre quiere un delantero que domine el juego a\u00e9reo y que pueda resolver el partido en los \u00faltimos minutos; el \u00fanico con esas condiciones es Guillermo Mart\u00ednez. Es por eso que se ha filtrado que el delantero de los Pumas de [&hellip;]<\/p>\n","protected":false},"author":0,"featured_media":8011,"comment_status":"open","ping_status":"open","sticky":false,"template":"","format":"standard","meta":{"inline_featured_image":false,"footnotes":""},"categories":[62],"tags":[],"class_list":["post-8010","post","type-post","status-publish","format-standard","has-post-thumbnail","hentry","category-deportes"],"yoast_head":"<!-- This site is optimized with the Yoast SEO plugin v27.5 - https:\/\/yoast.com\/product\/yoast-seo-wordpress\/ -->\n<title>Memote Mart\u00ednez y 6 Chivas ir\u00edan a la Copa del Mundo; la lista de convocados de la Liga MX se confirmar\u00e1 en las pr\u00f3ximas horas - Senda Noticiosa<\/title>\n<meta name=\"robots\" content=\"index, follow, max-snippet:-1, max-image-preview:large, max-video-preview:-1\" \/>\n<link rel=\"canonical\" href=\"https:\/\/sendanoticiosa.com\/index.php\/2026\/04\/29\/memote-martinez-y-6-chivas-irian-a-la-copa-del-mundo-la-lista-de-convocados-de-la-liga-mx-se-confirmara-en-las-proximas-horas\/\" \/>\n<meta property=\"og:locale\" content=\"en_US\" \/>\n<meta property=\"og:type\" content=\"article\" \/>\n<meta property=\"og:title\" content=\"Memote Mart\u00ednez y 6 Chivas ir\u00edan a la Copa del Mundo; la lista de convocados de la Liga MX se confirmar\u00e1 en las pr\u00f3ximas horas - Senda Noticiosa\" \/>\n<meta property=\"og:description\" content=\"Memote Mart\u00ednez ser\u00eda convocado a la Copa del Mundo La situaci\u00f3n es que Javier Aguirre quiere un delantero que domine el juego a\u00e9reo y que pueda resolver el partido en los \u00faltimos minutos; el \u00fanico con esas condiciones es Guillermo Mart\u00ednez. Es por eso que se ha filtrado que el delantero de los Pumas de [&hellip;]\" \/>\n<meta property=\"og:url\" content=\"https:\/\/sendanoticiosa.com\/index.php\/2026\/04\/29\/memote-martinez-y-6-chivas-irian-a-la-copa-del-mundo-la-lista-de-convocados-de-la-liga-mx-se-confirmara-en-las-proximas-horas\/\" \/>\n<meta property=\"og:site_name\" content=\"Senda Noticiosa\" \/>\n<meta property=\"article:published_time\" content=\"2026-04-29T04:59:47+00:00\" \/>\n<meta name=\"twitter:card\" content=\"summary_large_image\" \/>\n<meta name=\"twitter:label1\" content=\"Est. reading time\" \/>\n\t<meta name=\"twitter:data1\" content=\"1 minute\" \/>\n<script type=\"application\/ld+json\" class=\"yoast-schema-graph\">{\"@context\":\"https:\\\/\\\/schema.org\",\"@graph\":[{\"@type\":\"Article\",\"@id\":\"https:\\\/\\\/sendanoticiosa.com\\\/index.php\\\/2026\\\/04\\\/29\\\/memote-martinez-y-6-chivas-irian-a-la-copa-del-mundo-la-lista-de-convocados-de-la-liga-mx-se-confirmara-en-las-proximas-horas\\\/#article\",\"isPartOf\":{\"@id\":\"https:\\\/\\\/sendanoticiosa.com\\\/index.php\\\/2026\\\/04\\\/29\\\/memote-martinez-y-6-chivas-irian-a-la-copa-del-mundo-la-lista-de-convocados-de-la-liga-mx-se-confirmara-en-las-proximas-horas\\\/\"},\"author\":{\"name\":\"\",\"@id\":\"\"},\"headline\":\"Memote Mart\u00ednez y 6 Chivas ir\u00edan a la Copa del Mundo; la lista de convocados de la Liga MX se confirmar\u00e1 en las pr\u00f3ximas horas\",\"datePublished\":\"2026-04-29T04:59:47+00:00\",\"mainEntityOfPage\":{\"@id\":\"https:\\\/\\\/sendanoticiosa.com\\\/index.php\\\/2026\\\/04\\\/29\\\/memote-martinez-y-6-chivas-irian-a-la-copa-del-mundo-la-lista-de-convocados-de-la-liga-mx-se-confirmara-en-las-proximas-horas\\\/\"},\"wordCount\":150,\"commentCount\":0,\"image\":{\"@id\":\"https:\\\/\\\/sendanoticiosa.com\\\/index.php\\\/2026\\\/04\\\/29\\\/memote-martinez-y-6-chivas-irian-a-la-copa-del-mundo-la-lista-de-convocados-de-la-liga-mx-se-confirmara-en-las-proximas-horas\\\/#primaryimage\"},\"thumbnailUrl\":\"https:\\\/\\\/sendanoticiosa.com\\\/wp-content\\\/uploads\\\/2026\\\/04\\\/17773522327809.jpg\",\"articleSection\":[\"Deportes\"],\"inLanguage\":\"en-US\",\"potentialAction\":[{\"@type\":\"CommentAction\",\"name\":\"Comment\",\"target\":[\"https:\\\/\\\/sendanoticiosa.com\\\/index.php\\\/2026\\\/04\\\/29\\\/memote-martinez-y-6-chivas-irian-a-la-copa-del-mundo-la-lista-de-convocados-de-la-liga-mx-se-confirmara-en-las-proximas-horas\\\/#respond\"]}]},{\"@type\":\"WebPage\",\"@id\":\"https:\\\/\\\/sendanoticiosa.com\\\/index.php\\\/2026\\\/04\\\/29\\\/memote-martinez-y-6-chivas-irian-a-la-copa-del-mundo-la-lista-de-convocados-de-la-liga-mx-se-confirmara-en-las-proximas-horas\\\/\",\"url\":\"https:\\\/\\\/sendanoticiosa.com\\\/index.php\\\/2026\\\/04\\\/29\\\/memote-martinez-y-6-chivas-irian-a-la-copa-del-mundo-la-lista-de-convocados-de-la-liga-mx-se-confirmara-en-las-proximas-horas\\\/\",\"name\":\"Memote Mart\u00ednez y 6 Chivas ir\u00edan a la Copa del Mundo; la lista de convocados de la Liga MX se confirmar\u00e1 en las pr\u00f3ximas horas - Senda Noticiosa\",\"isPartOf\":{\"@id\":\"https:\\\/\\\/sendanoticiosa.com\\\/#website\"},\"primaryImageOfPage\":{\"@id\":\"https:\\\/\\\/sendanoticiosa.com\\\/index.php\\\/2026\\\/04\\\/29\\\/memote-martinez-y-6-chivas-irian-a-la-copa-del-mundo-la-lista-de-convocados-de-la-liga-mx-se-confirmara-en-las-proximas-horas\\\/#primaryimage\"},\"image\":{\"@id\":\"https:\\\/\\\/sendanoticiosa.com\\\/index.php\\\/2026\\\/04\\\/29\\\/memote-martinez-y-6-chivas-irian-a-la-copa-del-mundo-la-lista-de-convocados-de-la-liga-mx-se-confirmara-en-las-proximas-horas\\\/#primaryimage\"},\"thumbnailUrl\":\"https:\\\/\\\/sendanoticiosa.com\\\/wp-content\\\/uploads\\\/2026\\\/04\\\/17773522327809.jpg\",\"datePublished\":\"2026-04-29T04:59:47+00:00\",\"author\":{\"@id\":\"\"},\"breadcrumb\":{\"@id\":\"https:\\\/\\\/sendanoticiosa.com\\\/index.php\\\/2026\\\/04\\\/29\\\/memote-martinez-y-6-chivas-irian-a-la-copa-del-mundo-la-lista-de-convocados-de-la-liga-mx-se-confirmara-en-las-proximas-horas\\\/#breadcrumb\"},\"inLanguage\":\"en-US\",\"potentialAction\":[{\"@type\":\"ReadAction\",\"target\":[\"https:\\\/\\\/sendanoticiosa.com\\\/index.php\\\/2026\\\/04\\\/29\\\/memote-martinez-y-6-chivas-irian-a-la-copa-del-mundo-la-lista-de-convocados-de-la-liga-mx-se-confirmara-en-las-proximas-horas\\\/\"]}]},{\"@type\":\"ImageObject\",\"inLanguage\":\"en-US\",\"@id\":\"https:\\\/\\\/sendanoticiosa.com\\\/index.php\\\/2026\\\/04\\\/29\\\/memote-martinez-y-6-chivas-irian-a-la-copa-del-mundo-la-lista-de-convocados-de-la-liga-mx-se-confirmara-en-las-proximas-horas\\\/#primaryimage\",\"url\":\"https:\\\/\\\/sendanoticiosa.com\\\/wp-content\\\/uploads\\\/2026\\\/04\\\/17773522327809.jpg\",\"contentUrl\":\"https:\\\/\\\/sendanoticiosa.com\\\/wp-content\\\/uploads\\\/2026\\\/04\\\/17773522327809.jpg\",\"width\":1200,\"height\":800,\"caption\":\"Memote Mart\u00ednez y 6 Chivas ir\u00edan a la Copa del Mundo; la lista de convocados de la Liga MX se confirmar\u00e1 en las pr\u00f3ximas horas\"},{\"@type\":\"BreadcrumbList\",\"@id\":\"https:\\\/\\\/sendanoticiosa.com\\\/index.php\\\/2026\\\/04\\\/29\\\/memote-martinez-y-6-chivas-irian-a-la-copa-del-mundo-la-lista-de-convocados-de-la-liga-mx-se-confirmara-en-las-proximas-horas\\\/#breadcrumb\",\"itemListElement\":[{\"@type\":\"ListItem\",\"position\":1,\"name\":\"Portada\",\"item\":\"https:\\\/\\\/sendanoticiosa.com\\\/\"},{\"@type\":\"ListItem\",\"position\":2,\"name\":\"Memote Mart\u00ednez y 6 Chivas ir\u00edan a la Copa del Mundo; la lista de convocados de la Liga MX se confirmar\u00e1 en las pr\u00f3ximas horas\"}]},{\"@type\":\"WebSite\",\"@id\":\"https:\\\/\\\/sendanoticiosa.com\\\/#website\",\"url\":\"https:\\\/\\\/sendanoticiosa.com\\\/\",\"name\":\"Senda Noticiosa\",\"description\":\"\",\"potentialAction\":[{\"@type\":\"SearchAction\",\"target\":{\"@type\":\"EntryPoint\",\"urlTemplate\":\"https:\\\/\\\/sendanoticiosa.com\\\/?s={search_term_string}\"},\"query-input\":{\"@type\":\"PropertyValueSpecification\",\"valueRequired\":true,\"valueName\":\"search_term_string\"}}],\"inLanguage\":\"en-US\"}]}<\/script>\n<!-- \/ Yoast SEO plugin. -->","yoast_head_json":{"title":"Memote Mart\u00ednez y 6 Chivas ir\u00edan a la Copa del Mundo; la lista de convocados de la Liga MX se confirmar\u00e1 en las pr\u00f3ximas horas - Senda Noticiosa","robots":{"index":"index","follow":"follow","max-snippet":"max-snippet:-1","max-image-preview":"max-image-preview:large","max-video-preview":"max-video-preview:-1"},"canonical":"https:\/\/sendanoticiosa.com\/index.php\/2026\/04\/29\/memote-martinez-y-6-chivas-irian-a-la-copa-del-mundo-la-lista-de-convocados-de-la-liga-mx-se-confirmara-en-las-proximas-horas\/","og_locale":"en_US","og_type":"article","og_title":"Memote Mart\u00ednez y 6 Chivas ir\u00edan a la Copa del Mundo; la lista de convocados de la Liga MX se confirmar\u00e1 en las pr\u00f3ximas horas - Senda Noticiosa","og_description":"Memote Mart\u00ednez ser\u00eda convocado a la Copa del Mundo La situaci\u00f3n es que Javier Aguirre quiere un delantero que domine el juego a\u00e9reo y que pueda resolver el partido en los \u00faltimos minutos; el \u00fanico con esas condiciones es Guillermo Mart\u00ednez. Es por eso que se ha filtrado que el delantero de los Pumas de [&hellip;]","og_url":"https:\/\/sendanoticiosa.com\/index.php\/2026\/04\/29\/memote-martinez-y-6-chivas-irian-a-la-copa-del-mundo-la-lista-de-convocados-de-la-liga-mx-se-confirmara-en-las-proximas-horas\/","og_site_name":"Senda Noticiosa","article_published_time":"2026-04-29T04:59:47+00:00","twitter_card":"summary_large_image","twitter_misc":{"Est. reading time":"1 minute"},"schema":{"@context":"https:\/\/schema.org","@graph":[{"@type":"Article","@id":"https:\/\/sendanoticiosa.com\/index.php\/2026\/04\/29\/memote-martinez-y-6-chivas-irian-a-la-copa-del-mundo-la-lista-de-convocados-de-la-liga-mx-se-confirmara-en-las-proximas-horas\/#article","isPartOf":{"@id":"https:\/\/sendanoticiosa.com\/index.php\/2026\/04\/29\/memote-martinez-y-6-chivas-irian-a-la-copa-del-mundo-la-lista-de-convocados-de-la-liga-mx-se-confirmara-en-las-proximas-horas\/"},"author":{"name":"","@id":""},"headline":"Memote Mart\u00ednez y 6 Chivas ir\u00edan a la Copa del Mundo; la lista de convocados de la Liga MX se confirmar\u00e1 en las pr\u00f3ximas horas","datePublished":"2026-04-29T04:59:47+00:00","mainEntityOfPage":{"@id":"https:\/\/sendanoticiosa.com\/index.php\/2026\/04\/29\/memote-martinez-y-6-chivas-irian-a-la-copa-del-mundo-la-lista-de-convocados-de-la-liga-mx-se-confirmara-en-las-proximas-horas\/"},"wordCount":150,"commentCount":0,"image":{"@id":"https:\/\/sendanoticiosa.com\/index.php\/2026\/04\/29\/memote-martinez-y-6-chivas-irian-a-la-copa-del-mundo-la-lista-de-convocados-de-la-liga-mx-se-confirmara-en-las-proximas-horas\/#primaryimage"},"thumbnailUrl":"https:\/\/sendanoticiosa.com\/wp-content\/uploads\/2026\/04\/17773522327809.jpg","articleSection":["Deportes"],"inLanguage":"en-US","potentialAction":[{"@type":"CommentAction","name":"Comment","target":["https:\/\/sendanoticiosa.com\/index.php\/2026\/04\/29\/memote-martinez-y-6-chivas-irian-a-la-copa-del-mundo-la-lista-de-convocados-de-la-liga-mx-se-confirmara-en-las-proximas-horas\/#respond"]}]},{"@type":"WebPage","@id":"https:\/\/sendanoticiosa.com\/index.php\/2026\/04\/29\/memote-martinez-y-6-chivas-irian-a-la-copa-del-mundo-la-lista-de-convocados-de-la-liga-mx-se-confirmara-en-las-proximas-horas\/","url":"https:\/\/sendanoticiosa.com\/index.php\/2026\/04\/29\/memote-martinez-y-6-chivas-irian-a-la-copa-del-mundo-la-lista-de-convocados-de-la-liga-mx-se-confirmara-en-las-proximas-horas\/","name":"Memote Mart\u00ednez y 6 Chivas ir\u00edan a la Copa del Mundo; la lista de convocados de la Liga MX se confirmar\u00e1 en las pr\u00f3ximas horas - Senda Noticiosa","isPartOf":{"@id":"https:\/\/sendanoticiosa.com\/#website"},"primaryImageOfPage":{"@id":"https:\/\/sendanoticiosa.com\/index.php\/2026\/04\/29\/memote-martinez-y-6-chivas-irian-a-la-copa-del-mundo-la-lista-de-convocados-de-la-liga-mx-se-confirmara-en-las-proximas-horas\/#primaryimage"},"image":{"@id":"https:\/\/sendanoticiosa.com\/index.php\/2026\/04\/29\/memote-martinez-y-6-chivas-irian-a-la-copa-del-mundo-la-lista-de-convocados-de-la-liga-mx-se-confirmara-en-las-proximas-horas\/#primaryimage"},"thumbnailUrl":"https:\/\/sendanoticiosa.com\/wp-content\/uploads\/2026\/04\/17773522327809.jpg","datePublished":"2026-04-29T04:59:47+00:00","author":{"@id":""},"breadcrumb":{"@id":"https:\/\/sendanoticiosa.com\/index.php\/2026\/04\/29\/memote-martinez-y-6-chivas-irian-a-la-copa-del-mundo-la-lista-de-convocados-de-la-liga-mx-se-confirmara-en-las-proximas-horas\/#breadcrumb"},"inLanguage":"en-US","potentialAction":[{"@type":"ReadAction","target":["https:\/\/sendanoticiosa.com\/index.php\/2026\/04\/29\/memote-martinez-y-6-chivas-irian-a-la-copa-del-mundo-la-lista-de-convocados-de-la-liga-mx-se-confirmara-en-las-proximas-horas\/"]}]},{"@type":"ImageObject","inLanguage":"en-US","@id":"https:\/\/sendanoticiosa.com\/index.php\/2026\/04\/29\/memote-martinez-y-6-chivas-irian-a-la-copa-del-mundo-la-lista-de-convocados-de-la-liga-mx-se-confirmara-en-las-proximas-horas\/#primaryimage","url":"https:\/\/sendanoticiosa.com\/wp-content\/uploads\/2026\/04\/17773522327809.jpg","contentUrl":"https:\/\/sendanoticiosa.com\/wp-content\/uploads\/2026\/04\/17773522327809.jpg","width":1200,"height":800,"caption":"Memote Mart\u00ednez y 6 Chivas ir\u00edan a la Copa del Mundo; la lista de convocados de la Liga MX se confirmar\u00e1 en las pr\u00f3ximas horas"},{"@type":"BreadcrumbList","@id":"https:\/\/sendanoticiosa.com\/index.php\/2026\/04\/29\/memote-martinez-y-6-chivas-irian-a-la-copa-del-mundo-la-lista-de-convocados-de-la-liga-mx-se-confirmara-en-las-proximas-horas\/#breadcrumb","itemListElement":[{"@type":"ListItem","position":1,"name":"Portada","item":"https:\/\/sendanoticiosa.com\/"},{"@type":"ListItem","position":2,"name":"Memote Mart\u00ednez y 6 Chivas ir\u00edan a la Copa del Mundo; la lista de convocados de la Liga MX se confirmar\u00e1 en las pr\u00f3ximas horas"}]},{"@type":"WebSite","@id":"https:\/\/sendanoticiosa.com\/#website","url":"https:\/\/sendanoticiosa.com\/","name":"Senda Noticiosa","description":"","potentialAction":[{"@type":"SearchAction","target":{"@type":"EntryPoint","urlTemplate":"https:\/\/sendanoticiosa.com\/?s={search_term_string}"},"query-input":{"@type":"PropertyValueSpecification","valueRequired":true,"valueName":"search_term_string"}}],"inLanguage":"en-US"}]}},"_links":{"self":[{"href":"https:\/\/sendanoticiosa.com\/index.php\/wp-json\/wp\/v2\/posts\/8010","targetHints":{"allow":["GET"]}}],"collection":[{"href":"https:\/\/sendanoticiosa.com\/index.php\/wp-json\/wp\/v2\/posts"}],"about":[{"href":"https:\/\/sendanoticiosa.com\/index.php\/wp-json\/wp\/v2\/types\/post"}],"replies":[{"embeddable":true,"href":"https:\/\/sendanoticiosa.com\/index.php\/wp-json\/wp\/v2\/comments?post=8010"}],"version-history":[{"count":0,"href":"https:\/\/sendanoticiosa.com\/index.php\/wp-json\/wp\/v2\/posts\/8010\/revisions"}],"wp:featuredmedia":[{"embeddable":true,"href":"https:\/\/sendanoticiosa.com\/index.php\/wp-json\/wp\/v2\/media\/8011"}],"wp:attachment":[{"href":"https:\/\/sendanoticiosa.com\/index.php\/wp-json\/wp\/v2\/media?parent=8010"}],"wp:term":[{"taxonomy":"category","embeddable":true,"href":"https:\/\/sendanoticiosa.com\/index.php\/wp-json\/wp\/v2\/categories?post=8010"},{"taxonomy":"post_tag","embeddable":true,"href":"https:\/\/sendanoticiosa.com\/index.php\/wp-json\/wp\/v2\/tags?post=8010"}],"curies":[{"name":"wp","href":"https:\/\/api.w.org\/{rel}","templated":true}]}}