{"id":8012,"date":"2026-04-29T21:35:05","date_gmt":"2026-04-29T19:35:05","guid":{"rendered":"https:\/\/sendanoticiosa.com\/?p=8012"},"modified":"2026-04-29T21:35:05","modified_gmt":"2026-04-29T19:35:05","slug":"anuncian-acuerdo-historico-con-industria-siderurgica","status":"publish","type":"post","link":"https:\/\/sendanoticiosa.com\/index.php\/2026\/04\/29\/anuncian-acuerdo-historico-con-industria-siderurgica\/","title":{"rendered":"Anuncian &#8220;acuerdo hist\u00f3rico&#8221; con industria sider\u00fargica"},"content":{"rendered":"\n<p>Con el respaldo de empresas y representantes del sector acero y de la construcci\u00f3n, el Gobierno de M\u00e9xico consolida un acuerdo \u201chist\u00f3rico\u201d para fomentar la industria sider\u00fargica nacional, como parte del denominado Plan M\u00e9xico.<\/p>\n\n\n\n<p>Durante su conferencia matutina, la mandataria federal Claudia Sheinbaum Pardo adelant\u00f3 que el objetivo central del acuerdo ser\u00e1 fortalecer la producci\u00f3n nacional de acero, as\u00ed como consolidar las cadenas de suministro dentro del mercado interno.<\/p>\n\n\n\n<p>\u201cEs una firma que quiz\u00e1 nunca se ha hecho una firma as\u00ed. Es hist\u00f3rico, de un acuerdo para el fomento de la industria sider\u00fargica nacional\u201d, expres\u00f3.<\/p>\n\n\n\n<p>Sheinbaum explic\u00f3 que esta estrategia forma parte de una pol\u00edtica m\u00e1s amplia orientada a incrementar el contenido nacional en la econom\u00eda, reducir la dependencia de importaciones y utilizar las compras p\u00fablicas como motor del desarrollo industrial.<\/p>\n\n\n\n<p>En ese sentido, destac\u00f3 la participaci\u00f3n de diversas dependencias federales que estar\u00e1n involucradas en la implementaci\u00f3n y supervisi\u00f3n del acuerdo.<\/p>\n\n\n\n<p>Entre ellas, mencion\u00f3 a Raquel Buenrostro S\u00e1nchez, secretaria de Anticorrupci\u00f3n y Buen Gobierno, quien \u2014dijo\u2014 ser\u00e1 la encargada de garantizar que los compromisos se cumplan conforme a la ley y que las adquisiciones gubernamentales privilegien el acero producido en M\u00e9xico.<\/p>\n\n\n\n<p>Tambi\u00e9n se\u00f1al\u00f3 la participaci\u00f3n de Marcelo Ebrard, titular de Econom\u00eda, como promotor del acuerdo; as\u00ed como de las secretar\u00edas de Infraestructura, Comunicaciones y Transportes, y de Hacienda y Cr\u00e9dito P\u00fablico, adem\u00e1s de empresas del Estado como Pemex y la Comisi\u00f3n Federal de Electricidad, que incorporar\u00e1n acero nacional en sus proyectos.<\/p>\n\n\n\n<p>Por su parte, la secretaria Raquel Buenrostro S\u00e1nchez explic\u00f3 que el acuerdo contempla mecanismos para fortalecer el empleo, el crecimiento econ\u00f3mico y la industrializaci\u00f3n del pa\u00eds, en l\u00ednea con el Plan Nacional de Desarrollo 2025-2030.<\/p>\n\n\n\n<p>Detall\u00f3 que las acciones se concentrar\u00e1n en tres ejes principales: contrataciones p\u00fablicas, financiamiento para infraestructura y compromisos con alto impacto en el sector construcci\u00f3n, particularmente en programas de vivienda.<\/p>\n\n\n\n<p>En materia de compras gubernamentales, se\u00f1al\u00f3 que se impulsar\u00e1n estrategias para coordinar a las distintas instituciones, garantizar acuerdos de abasto con el sector privado y promover incentivos que favorezcan la adquisici\u00f3n de acero nacional.<\/p>\n\n\n\n<p>Asimismo, destac\u00f3 que se fomentar\u00e1n asociaciones p\u00fablico-privadas y esquemas de financiamiento que fortalezcan tanto las inversiones p\u00fablicas como privadas, con especial \u00e9nfasis en el papel de la banca de desarrollo.<\/p>\n\n\n\n<p>En el \u00e1mbito de pol\u00edtica industrial, el acuerdo tambi\u00e9n contempla medidas para enfrentar pr\u00e1cticas desleales de comercio, promover proveedores nacionales y avanzar en la sustituci\u00f3n de importaciones.<\/p>\n\n\n\n<p>Buenrostro a\u00f1adi\u00f3 que, como parte de los compromisos, la industria del acero garantizar\u00e1 calidad, precios justos y abasto oportuno, mientras que el sector de la construcci\u00f3n incrementar\u00e1 el uso de insumos nacionales en sus proyectos.<\/p>\n\n\n\n<p>Indic\u00f3 que en la firma participar\u00e1n 19 instituciones p\u00fablicas y tres c\u00e1maras empresariales, que asumir\u00e1n el compromiso de fortalecer la industria sider\u00fargica mexicana y el empleo vinculado a esta actividad.<\/p>\n\n\n\n<p>El acuerdo, insistieron las autoridades, busca consolidar una estrategia de desarrollo industrial en la que el Estado utilice su capacidad de compra para detonar la producci\u00f3n nacional y fortalecer sectores clave de la econom\u00eda.<\/p>\n","protected":false},"excerpt":{"rendered":"<p>Con el respaldo de empresas y representantes del sector acero y de la construcci\u00f3n, el Gobierno de M\u00e9xico consolida un acuerdo \u201chist\u00f3rico\u201d para fomentar la industria sider\u00fargica nacional, como parte del denominado Plan M\u00e9xico. Durante su conferencia matutina, la mandataria federal Claudia Sheinbaum Pardo adelant\u00f3 que el objetivo central del acuerdo ser\u00e1 fortalecer la producci\u00f3n [&hellip;]<\/p>\n","protected":false},"author":1,"featured_media":8013,"comment_status":"open","ping_status":"open","sticky":false,"template":"","format":"standard","meta":{"inline_featured_image":false,"footnotes":""},"categories":[51],"tags":[],"class_list":["post-8012","post","type-post","status-publish","format-standard","has-post-thumbnail","hentry","category-nacional"],"yoast_head":"<!-- This site is optimized with the Yoast SEO plugin v27.5 - https:\/\/yoast.com\/product\/yoast-seo-wordpress\/ -->\n<title>Anuncian &quot;acuerdo hist\u00f3rico&quot; con industria sider\u00fargica - Senda Noticiosa<\/title>\n<meta name=\"robots\" content=\"index, follow, max-snippet:-1, max-image-preview:large, max-video-preview:-1\" \/>\n<link rel=\"canonical\" href=\"https:\/\/sendanoticiosa.com\/index.php\/2026\/04\/29\/anuncian-acuerdo-historico-con-industria-siderurgica\/\" \/>\n<meta property=\"og:locale\" content=\"en_US\" \/>\n<meta property=\"og:type\" content=\"article\" \/>\n<meta property=\"og:title\" content=\"Anuncian &quot;acuerdo hist\u00f3rico&quot; con industria sider\u00fargica - Senda Noticiosa\" \/>\n<meta property=\"og:description\" content=\"Con el respaldo de empresas y representantes del sector acero y de la construcci\u00f3n, el Gobierno de M\u00e9xico consolida un acuerdo \u201chist\u00f3rico\u201d para fomentar la industria sider\u00fargica nacional, como parte del denominado Plan M\u00e9xico. Durante su conferencia matutina, la mandataria federal Claudia Sheinbaum Pardo adelant\u00f3 que el objetivo central del acuerdo ser\u00e1 fortalecer la producci\u00f3n [&hellip;]\" \/>\n<meta property=\"og:url\" content=\"https:\/\/sendanoticiosa.com\/index.php\/2026\/04\/29\/anuncian-acuerdo-historico-con-industria-siderurgica\/\" \/>\n<meta property=\"og:site_name\" content=\"Senda Noticiosa\" \/>\n<meta property=\"article:published_time\" content=\"2026-04-29T19:35:05+00:00\" \/>\n<meta property=\"og:image\" content=\"https:\/\/sendanoticiosa.com\/wp-content\/uploads\/2026\/04\/34.-Anuncian.jpg\" \/>\n\t<meta property=\"og:image:width\" content=\"780\" \/>\n\t<meta property=\"og:image:height\" content=\"470\" \/>\n\t<meta property=\"og:image:type\" content=\"image\/jpeg\" \/>\n<meta name=\"author\" content=\"sendanoticom\" \/>\n<meta name=\"twitter:card\" content=\"summary_large_image\" \/>\n<meta name=\"twitter:label1\" content=\"Written by\" \/>\n\t<meta name=\"twitter:data1\" content=\"sendanoticom\" \/>\n\t<meta name=\"twitter:label2\" content=\"Est. reading time\" \/>\n\t<meta name=\"twitter:data2\" content=\"3 minutes\" \/>\n<script type=\"application\/ld+json\" class=\"yoast-schema-graph\">{\"@context\":\"https:\\\/\\\/schema.org\",\"@graph\":[{\"@type\":\"Article\",\"@id\":\"https:\\\/\\\/sendanoticiosa.com\\\/index.php\\\/2026\\\/04\\\/29\\\/anuncian-acuerdo-historico-con-industria-siderurgica\\\/#article\",\"isPartOf\":{\"@id\":\"https:\\\/\\\/sendanoticiosa.com\\\/index.php\\\/2026\\\/04\\\/29\\\/anuncian-acuerdo-historico-con-industria-siderurgica\\\/\"},\"author\":{\"name\":\"sendanoticom\",\"@id\":\"https:\\\/\\\/sendanoticiosa.com\\\/#\\\/schema\\\/person\\\/d8594fe19a3f804aa373a89f0b59c180\"},\"headline\":\"Anuncian &#8220;acuerdo hist\u00f3rico&#8221; con industria sider\u00fargica\",\"datePublished\":\"2026-04-29T19:35:05+00:00\",\"mainEntityOfPage\":{\"@id\":\"https:\\\/\\\/sendanoticiosa.com\\\/index.php\\\/2026\\\/04\\\/29\\\/anuncian-acuerdo-historico-con-industria-siderurgica\\\/\"},\"wordCount\":558,\"commentCount\":0,\"image\":{\"@id\":\"https:\\\/\\\/sendanoticiosa.com\\\/index.php\\\/2026\\\/04\\\/29\\\/anuncian-acuerdo-historico-con-industria-siderurgica\\\/#primaryimage\"},\"thumbnailUrl\":\"https:\\\/\\\/sendanoticiosa.com\\\/wp-content\\\/uploads\\\/2026\\\/04\\\/34.-Anuncian.jpg\",\"articleSection\":[\"Nacional\"],\"inLanguage\":\"en-US\",\"potentialAction\":[{\"@type\":\"CommentAction\",\"name\":\"Comment\",\"target\":[\"https:\\\/\\\/sendanoticiosa.com\\\/index.php\\\/2026\\\/04\\\/29\\\/anuncian-acuerdo-historico-con-industria-siderurgica\\\/#respond\"]}]},{\"@type\":\"WebPage\",\"@id\":\"https:\\\/\\\/sendanoticiosa.com\\\/index.php\\\/2026\\\/04\\\/29\\\/anuncian-acuerdo-historico-con-industria-siderurgica\\\/\",\"url\":\"https:\\\/\\\/sendanoticiosa.com\\\/index.php\\\/2026\\\/04\\\/29\\\/anuncian-acuerdo-historico-con-industria-siderurgica\\\/\",\"name\":\"Anuncian \\\"acuerdo hist\u00f3rico\\\" con industria sider\u00fargica - Senda Noticiosa\",\"isPartOf\":{\"@id\":\"https:\\\/\\\/sendanoticiosa.com\\\/#website\"},\"primaryImageOfPage\":{\"@id\":\"https:\\\/\\\/sendanoticiosa.com\\\/index.php\\\/2026\\\/04\\\/29\\\/anuncian-acuerdo-historico-con-industria-siderurgica\\\/#primaryimage\"},\"image\":{\"@id\":\"https:\\\/\\\/sendanoticiosa.com\\\/index.php\\\/2026\\\/04\\\/29\\\/anuncian-acuerdo-historico-con-industria-siderurgica\\\/#primaryimage\"},\"thumbnailUrl\":\"https:\\\/\\\/sendanoticiosa.com\\\/wp-content\\\/uploads\\\/2026\\\/04\\\/34.-Anuncian.jpg\",\"datePublished\":\"2026-04-29T19:35:05+00:00\",\"author\":{\"@id\":\"https:\\\/\\\/sendanoticiosa.com\\\/#\\\/schema\\\/person\\\/d8594fe19a3f804aa373a89f0b59c180\"},\"breadcrumb\":{\"@id\":\"https:\\\/\\\/sendanoticiosa.com\\\/index.php\\\/2026\\\/04\\\/29\\\/anuncian-acuerdo-historico-con-industria-siderurgica\\\/#breadcrumb\"},\"inLanguage\":\"en-US\",\"potentialAction\":[{\"@type\":\"ReadAction\",\"target\":[\"https:\\\/\\\/sendanoticiosa.com\\\/index.php\\\/2026\\\/04\\\/29\\\/anuncian-acuerdo-historico-con-industria-siderurgica\\\/\"]}]},{\"@type\":\"ImageObject\",\"inLanguage\":\"en-US\",\"@id\":\"https:\\\/\\\/sendanoticiosa.com\\\/index.php\\\/2026\\\/04\\\/29\\\/anuncian-acuerdo-historico-con-industria-siderurgica\\\/#primaryimage\",\"url\":\"https:\\\/\\\/sendanoticiosa.com\\\/wp-content\\\/uploads\\\/2026\\\/04\\\/34.-Anuncian.jpg\",\"contentUrl\":\"https:\\\/\\\/sendanoticiosa.com\\\/wp-content\\\/uploads\\\/2026\\\/04\\\/34.-Anuncian.jpg\",\"width\":780,\"height\":470},{\"@type\":\"BreadcrumbList\",\"@id\":\"https:\\\/\\\/sendanoticiosa.com\\\/index.php\\\/2026\\\/04\\\/29\\\/anuncian-acuerdo-historico-con-industria-siderurgica\\\/#breadcrumb\",\"itemListElement\":[{\"@type\":\"ListItem\",\"position\":1,\"name\":\"Portada\",\"item\":\"https:\\\/\\\/sendanoticiosa.com\\\/\"},{\"@type\":\"ListItem\",\"position\":2,\"name\":\"Anuncian &#8220;acuerdo hist\u00f3rico&#8221; con industria sider\u00fargica\"}]},{\"@type\":\"WebSite\",\"@id\":\"https:\\\/\\\/sendanoticiosa.com\\\/#website\",\"url\":\"https:\\\/\\\/sendanoticiosa.com\\\/\",\"name\":\"Senda Noticiosa\",\"description\":\"\",\"potentialAction\":[{\"@type\":\"SearchAction\",\"target\":{\"@type\":\"EntryPoint\",\"urlTemplate\":\"https:\\\/\\\/sendanoticiosa.com\\\/?s={search_term_string}\"},\"query-input\":{\"@type\":\"PropertyValueSpecification\",\"valueRequired\":true,\"valueName\":\"search_term_string\"}}],\"inLanguage\":\"en-US\"},{\"@type\":\"Person\",\"@id\":\"https:\\\/\\\/sendanoticiosa.com\\\/#\\\/schema\\\/person\\\/d8594fe19a3f804aa373a89f0b59c180\",\"name\":\"sendanoticom\",\"image\":{\"@type\":\"ImageObject\",\"inLanguage\":\"en-US\",\"@id\":\"https:\\\/\\\/secure.gravatar.com\\\/avatar\\\/ba34ef5c85a7337be858cab52ef8a3ec8e6226b79910ac1660585e274b4a4314?s=96&d=mm&r=g\",\"url\":\"https:\\\/\\\/secure.gravatar.com\\\/avatar\\\/ba34ef5c85a7337be858cab52ef8a3ec8e6226b79910ac1660585e274b4a4314?s=96&d=mm&r=g\",\"contentUrl\":\"https:\\\/\\\/secure.gravatar.com\\\/avatar\\\/ba34ef5c85a7337be858cab52ef8a3ec8e6226b79910ac1660585e274b4a4314?s=96&d=mm&r=g\",\"caption\":\"sendanoticom\"},\"sameAs\":[\"https:\\\/\\\/sendanoticiosa.com\"],\"url\":\"https:\\\/\\\/sendanoticiosa.com\\\/index.php\\\/author\\\/sendanoticom\\\/\"}]}<\/script>\n<!-- \/ Yoast SEO plugin. -->","yoast_head_json":{"title":"Anuncian \"acuerdo hist\u00f3rico\" con industria sider\u00fargica - Senda Noticiosa","robots":{"index":"index","follow":"follow","max-snippet":"max-snippet:-1","max-image-preview":"max-image-preview:large","max-video-preview":"max-video-preview:-1"},"canonical":"https:\/\/sendanoticiosa.com\/index.php\/2026\/04\/29\/anuncian-acuerdo-historico-con-industria-siderurgica\/","og_locale":"en_US","og_type":"article","og_title":"Anuncian \"acuerdo hist\u00f3rico\" con industria sider\u00fargica - Senda Noticiosa","og_description":"Con el respaldo de empresas y representantes del sector acero y de la construcci\u00f3n, el Gobierno de M\u00e9xico consolida un acuerdo \u201chist\u00f3rico\u201d para fomentar la industria sider\u00fargica nacional, como parte del denominado Plan M\u00e9xico. Durante su conferencia matutina, la mandataria federal Claudia Sheinbaum Pardo adelant\u00f3 que el objetivo central del acuerdo ser\u00e1 fortalecer la producci\u00f3n [&hellip;]","og_url":"https:\/\/sendanoticiosa.com\/index.php\/2026\/04\/29\/anuncian-acuerdo-historico-con-industria-siderurgica\/","og_site_name":"Senda Noticiosa","article_published_time":"2026-04-29T19:35:05+00:00","og_image":[{"width":780,"height":470,"url":"https:\/\/sendanoticiosa.com\/wp-content\/uploads\/2026\/04\/34.-Anuncian.jpg","type":"image\/jpeg"}],"author":"sendanoticom","twitter_card":"summary_large_image","twitter_misc":{"Written by":"sendanoticom","Est. reading time":"3 minutes"},"schema":{"@context":"https:\/\/schema.org","@graph":[{"@type":"Article","@id":"https:\/\/sendanoticiosa.com\/index.php\/2026\/04\/29\/anuncian-acuerdo-historico-con-industria-siderurgica\/#article","isPartOf":{"@id":"https:\/\/sendanoticiosa.com\/index.php\/2026\/04\/29\/anuncian-acuerdo-historico-con-industria-siderurgica\/"},"author":{"name":"sendanoticom","@id":"https:\/\/sendanoticiosa.com\/#\/schema\/person\/d8594fe19a3f804aa373a89f0b59c180"},"headline":"Anuncian &#8220;acuerdo hist\u00f3rico&#8221; con industria sider\u00fargica","datePublished":"2026-04-29T19:35:05+00:00","mainEntityOfPage":{"@id":"https:\/\/sendanoticiosa.com\/index.php\/2026\/04\/29\/anuncian-acuerdo-historico-con-industria-siderurgica\/"},"wordCount":558,"commentCount":0,"image":{"@id":"https:\/\/sendanoticiosa.com\/index.php\/2026\/04\/29\/anuncian-acuerdo-historico-con-industria-siderurgica\/#primaryimage"},"thumbnailUrl":"https:\/\/sendanoticiosa.com\/wp-content\/uploads\/2026\/04\/34.-Anuncian.jpg","articleSection":["Nacional"],"inLanguage":"en-US","potentialAction":[{"@type":"CommentAction","name":"Comment","target":["https:\/\/sendanoticiosa.com\/index.php\/2026\/04\/29\/anuncian-acuerdo-historico-con-industria-siderurgica\/#respond"]}]},{"@type":"WebPage","@id":"https:\/\/sendanoticiosa.com\/index.php\/2026\/04\/29\/anuncian-acuerdo-historico-con-industria-siderurgica\/","url":"https:\/\/sendanoticiosa.com\/index.php\/2026\/04\/29\/anuncian-acuerdo-historico-con-industria-siderurgica\/","name":"Anuncian \"acuerdo hist\u00f3rico\" con industria sider\u00fargica - Senda Noticiosa","isPartOf":{"@id":"https:\/\/sendanoticiosa.com\/#website"},"primaryImageOfPage":{"@id":"https:\/\/sendanoticiosa.com\/index.php\/2026\/04\/29\/anuncian-acuerdo-historico-con-industria-siderurgica\/#primaryimage"},"image":{"@id":"https:\/\/sendanoticiosa.com\/index.php\/2026\/04\/29\/anuncian-acuerdo-historico-con-industria-siderurgica\/#primaryimage"},"thumbnailUrl":"https:\/\/sendanoticiosa.com\/wp-content\/uploads\/2026\/04\/34.-Anuncian.jpg","datePublished":"2026-04-29T19:35:05+00:00","author":{"@id":"https:\/\/sendanoticiosa.com\/#\/schema\/person\/d8594fe19a3f804aa373a89f0b59c180"},"breadcrumb":{"@id":"https:\/\/sendanoticiosa.com\/index.php\/2026\/04\/29\/anuncian-acuerdo-historico-con-industria-siderurgica\/#breadcrumb"},"inLanguage":"en-US","potentialAction":[{"@type":"ReadAction","target":["https:\/\/sendanoticiosa.com\/index.php\/2026\/04\/29\/anuncian-acuerdo-historico-con-industria-siderurgica\/"]}]},{"@type":"ImageObject","inLanguage":"en-US","@id":"https:\/\/sendanoticiosa.com\/index.php\/2026\/04\/29\/anuncian-acuerdo-historico-con-industria-siderurgica\/#primaryimage","url":"https:\/\/sendanoticiosa.com\/wp-content\/uploads\/2026\/04\/34.-Anuncian.jpg","contentUrl":"https:\/\/sendanoticiosa.com\/wp-content\/uploads\/2026\/04\/34.-Anuncian.jpg","width":780,"height":470},{"@type":"BreadcrumbList","@id":"https:\/\/sendanoticiosa.com\/index.php\/2026\/04\/29\/anuncian-acuerdo-historico-con-industria-siderurgica\/#breadcrumb","itemListElement":[{"@type":"ListItem","position":1,"name":"Portada","item":"https:\/\/sendanoticiosa.com\/"},{"@type":"ListItem","position":2,"name":"Anuncian &#8220;acuerdo hist\u00f3rico&#8221; con industria sider\u00fargica"}]},{"@type":"WebSite","@id":"https:\/\/sendanoticiosa.com\/#website","url":"https:\/\/sendanoticiosa.com\/","name":"Senda Noticiosa","description":"","potentialAction":[{"@type":"SearchAction","target":{"@type":"EntryPoint","urlTemplate":"https:\/\/sendanoticiosa.com\/?s={search_term_string}"},"query-input":{"@type":"PropertyValueSpecification","valueRequired":true,"valueName":"search_term_string"}}],"inLanguage":"en-US"},{"@type":"Person","@id":"https:\/\/sendanoticiosa.com\/#\/schema\/person\/d8594fe19a3f804aa373a89f0b59c180","name":"sendanoticom","image":{"@type":"ImageObject","inLanguage":"en-US","@id":"https:\/\/secure.gravatar.com\/avatar\/ba34ef5c85a7337be858cab52ef8a3ec8e6226b79910ac1660585e274b4a4314?s=96&d=mm&r=g","url":"https:\/\/secure.gravatar.com\/avatar\/ba34ef5c85a7337be858cab52ef8a3ec8e6226b79910ac1660585e274b4a4314?s=96&d=mm&r=g","contentUrl":"https:\/\/secure.gravatar.com\/avatar\/ba34ef5c85a7337be858cab52ef8a3ec8e6226b79910ac1660585e274b4a4314?s=96&d=mm&r=g","caption":"sendanoticom"},"sameAs":["https:\/\/sendanoticiosa.com"],"url":"https:\/\/sendanoticiosa.com\/index.php\/author\/sendanoticom\/"}]}},"_links":{"self":[{"href":"https:\/\/sendanoticiosa.com\/index.php\/wp-json\/wp\/v2\/posts\/8012","targetHints":{"allow":["GET"]}}],"collection":[{"href":"https:\/\/sendanoticiosa.com\/index.php\/wp-json\/wp\/v2\/posts"}],"about":[{"href":"https:\/\/sendanoticiosa.com\/index.php\/wp-json\/wp\/v2\/types\/post"}],"author":[{"embeddable":true,"href":"https:\/\/sendanoticiosa.com\/index.php\/wp-json\/wp\/v2\/users\/1"}],"replies":[{"embeddable":true,"href":"https:\/\/sendanoticiosa.com\/index.php\/wp-json\/wp\/v2\/comments?post=8012"}],"version-history":[{"count":1,"href":"https:\/\/sendanoticiosa.com\/index.php\/wp-json\/wp\/v2\/posts\/8012\/revisions"}],"predecessor-version":[{"id":8014,"href":"https:\/\/sendanoticiosa.com\/index.php\/wp-json\/wp\/v2\/posts\/8012\/revisions\/8014"}],"wp:featuredmedia":[{"embeddable":true,"href":"https:\/\/sendanoticiosa.com\/index.php\/wp-json\/wp\/v2\/media\/8013"}],"wp:attachment":[{"href":"https:\/\/sendanoticiosa.com\/index.php\/wp-json\/wp\/v2\/media?parent=8012"}],"wp:term":[{"taxonomy":"category","embeddable":true,"href":"https:\/\/sendanoticiosa.com\/index.php\/wp-json\/wp\/v2\/categories?post=8012"},{"taxonomy":"post_tag","embeddable":true,"href":"https:\/\/sendanoticiosa.com\/index.php\/wp-json\/wp\/v2\/tags?post=8012"}],"curies":[{"name":"wp","href":"https:\/\/api.w.org\/{rel}","templated":true}]}}