{"id":8017,"date":"2026-04-30T07:00:51","date_gmt":"2026-04-30T05:00:51","guid":{"rendered":"https:\/\/sendanoticiosa.com\/index.php\/2026\/04\/30\/primera-lista-de-javier-aguirre-al-mundial-2026-es-todo-menos-definitiva-luz-de-esperanza-para-marcel-ruiz-o-charly-rodriguez\/"},"modified":"2026-04-30T07:00:51","modified_gmt":"2026-04-30T05:00:51","slug":"primera-lista-de-javier-aguirre-al-mundial-2026-es-todo-menos-definitiva-luz-de-esperanza-para-marcel-ruiz-o-charly-rodriguez","status":"publish","type":"post","link":"https:\/\/sendanoticiosa.com\/index.php\/2026\/04\/30\/primera-lista-de-javier-aguirre-al-mundial-2026-es-todo-menos-definitiva-luz-de-esperanza-para-marcel-ruiz-o-charly-rodriguez\/","title":{"rendered":"Primera lista de Javier Aguirre al Mundial 2026 es todo menos definitiva: Luz de esperanza para Marcel Ruiz o Charly Rodr\u00edguez"},"content":{"rendered":"<p>Los no llamados de los dos jugadores gener\u00f3 controversia. &#8220;Las grandes ausencias de la lista, indiscutiblemente que Charly Rodr\u00edguez, Jes\u00fas Angulo, Diego Lainez, Marcel Ruiz o Everardo L\u00f3pez; sin embargo, aunque est\u00e1n ausentes todav\u00eda tienen posibilidades porque la lista definitiva se entrega el primero de junio y cualquiera de \u00e9stos puede ser convocado por Javier Aguirre sin ning\u00fan problema en la lista final&#8221;. Y agreg\u00f3: &#8220;No fueron convocados en la lista de los 12 seguros, pero todav\u00eda podr\u00edan colarse dentro de la lista de los 26.&#8221; De hecho, su compa\u00f1ero en la televisora del Ajusco, Carlos Guerrero el Warrior tambi\u00e9n&#8230;<\/p>\n<p>Fuente: <a href=\"https:\/\/www.marca.com\/mx\/futbol\/seleccion-mx\/2026\/04\/29\/69f129d546163fbd088b45a9.html\" target=\"_blank\" rel=\"nofollow noopener\">https:\/\/www.marca.com\/mx\/futbol\/seleccion-mx\/2026\/04\/29\/69f129d546163fbd088b45a9.html<\/a><\/p>\n","protected":false},"excerpt":{"rendered":"<p>Los no llamados de los dos jugadores gener\u00f3 controversia. &#8220;Las grandes ausencias de la lista, indiscutiblemente que Charly Rodr\u00edguez, Jes\u00fas Angulo, Diego Lainez, Marcel Ruiz o Everardo L\u00f3pez; sin embargo, aunque est\u00e1n ausentes todav\u00eda tienen posibilidades porque la lista definitiva se entrega el primero de junio y cualquiera de \u00e9stos puede ser convocado por Javier [&hellip;]<\/p>\n","protected":false},"author":0,"featured_media":8018,"comment_status":"open","ping_status":"open","sticky":false,"template":"","format":"standard","meta":{"inline_featured_image":false,"footnotes":""},"categories":[62],"tags":[],"class_list":["post-8017","post","type-post","status-publish","format-standard","has-post-thumbnail","hentry","category-deportes"],"yoast_head":"<!-- This site is optimized with the Yoast SEO plugin v27.5 - https:\/\/yoast.com\/product\/yoast-seo-wordpress\/ -->\n<title>Primera lista de Javier Aguirre al Mundial 2026 es todo menos definitiva: Luz de esperanza para Marcel Ruiz o Charly Rodr\u00edguez - Senda Noticiosa<\/title>\n<meta name=\"robots\" content=\"index, follow, max-snippet:-1, max-image-preview:large, max-video-preview:-1\" \/>\n<link rel=\"canonical\" href=\"https:\/\/sendanoticiosa.com\/index.php\/2026\/04\/30\/primera-lista-de-javier-aguirre-al-mundial-2026-es-todo-menos-definitiva-luz-de-esperanza-para-marcel-ruiz-o-charly-rodriguez\/\" \/>\n<meta property=\"og:locale\" content=\"en_US\" \/>\n<meta property=\"og:type\" content=\"article\" \/>\n<meta property=\"og:title\" content=\"Primera lista de Javier Aguirre al Mundial 2026 es todo menos definitiva: Luz de esperanza para Marcel Ruiz o Charly Rodr\u00edguez - Senda Noticiosa\" \/>\n<meta property=\"og:description\" content=\"Los no llamados de los dos jugadores gener\u00f3 controversia. &#8220;Las grandes ausencias de la lista, indiscutiblemente que Charly Rodr\u00edguez, Jes\u00fas Angulo, Diego Lainez, Marcel Ruiz o Everardo L\u00f3pez; sin embargo, aunque est\u00e1n ausentes todav\u00eda tienen posibilidades porque la lista definitiva se entrega el primero de junio y cualquiera de \u00e9stos puede ser convocado por Javier [&hellip;]\" \/>\n<meta property=\"og:url\" content=\"https:\/\/sendanoticiosa.com\/index.php\/2026\/04\/30\/primera-lista-de-javier-aguirre-al-mundial-2026-es-todo-menos-definitiva-luz-de-esperanza-para-marcel-ruiz-o-charly-rodriguez\/\" \/>\n<meta property=\"og:site_name\" content=\"Senda Noticiosa\" \/>\n<meta property=\"article:published_time\" content=\"2026-04-30T05:00:51+00:00\" \/>\n<meta name=\"twitter:card\" content=\"summary_large_image\" \/>\n<meta name=\"twitter:label1\" content=\"Est. reading time\" \/>\n\t<meta name=\"twitter:data1\" content=\"1 minute\" \/>\n<script type=\"application\/ld+json\" class=\"yoast-schema-graph\">{\"@context\":\"https:\\\/\\\/schema.org\",\"@graph\":[{\"@type\":\"Article\",\"@id\":\"https:\\\/\\\/sendanoticiosa.com\\\/index.php\\\/2026\\\/04\\\/30\\\/primera-lista-de-javier-aguirre-al-mundial-2026-es-todo-menos-definitiva-luz-de-esperanza-para-marcel-ruiz-o-charly-rodriguez\\\/#article\",\"isPartOf\":{\"@id\":\"https:\\\/\\\/sendanoticiosa.com\\\/index.php\\\/2026\\\/04\\\/30\\\/primera-lista-de-javier-aguirre-al-mundial-2026-es-todo-menos-definitiva-luz-de-esperanza-para-marcel-ruiz-o-charly-rodriguez\\\/\"},\"author\":{\"name\":\"\",\"@id\":\"\"},\"headline\":\"Primera lista de Javier Aguirre al Mundial 2026 es todo menos definitiva: Luz de esperanza para Marcel Ruiz o Charly Rodr\u00edguez\",\"datePublished\":\"2026-04-30T05:00:51+00:00\",\"mainEntityOfPage\":{\"@id\":\"https:\\\/\\\/sendanoticiosa.com\\\/index.php\\\/2026\\\/04\\\/30\\\/primera-lista-de-javier-aguirre-al-mundial-2026-es-todo-menos-definitiva-luz-de-esperanza-para-marcel-ruiz-o-charly-rodriguez\\\/\"},\"wordCount\":143,\"commentCount\":0,\"image\":{\"@id\":\"https:\\\/\\\/sendanoticiosa.com\\\/index.php\\\/2026\\\/04\\\/30\\\/primera-lista-de-javier-aguirre-al-mundial-2026-es-todo-menos-definitiva-luz-de-esperanza-para-marcel-ruiz-o-charly-rodriguez\\\/#primaryimage\"},\"thumbnailUrl\":\"https:\\\/\\\/sendanoticiosa.com\\\/wp-content\\\/uploads\\\/2026\\\/04\\\/17774128766702.jpg\",\"articleSection\":[\"Deportes\"],\"inLanguage\":\"en-US\",\"potentialAction\":[{\"@type\":\"CommentAction\",\"name\":\"Comment\",\"target\":[\"https:\\\/\\\/sendanoticiosa.com\\\/index.php\\\/2026\\\/04\\\/30\\\/primera-lista-de-javier-aguirre-al-mundial-2026-es-todo-menos-definitiva-luz-de-esperanza-para-marcel-ruiz-o-charly-rodriguez\\\/#respond\"]}]},{\"@type\":\"WebPage\",\"@id\":\"https:\\\/\\\/sendanoticiosa.com\\\/index.php\\\/2026\\\/04\\\/30\\\/primera-lista-de-javier-aguirre-al-mundial-2026-es-todo-menos-definitiva-luz-de-esperanza-para-marcel-ruiz-o-charly-rodriguez\\\/\",\"url\":\"https:\\\/\\\/sendanoticiosa.com\\\/index.php\\\/2026\\\/04\\\/30\\\/primera-lista-de-javier-aguirre-al-mundial-2026-es-todo-menos-definitiva-luz-de-esperanza-para-marcel-ruiz-o-charly-rodriguez\\\/\",\"name\":\"Primera lista de Javier Aguirre al Mundial 2026 es todo menos definitiva: Luz de esperanza para Marcel Ruiz o Charly Rodr\u00edguez - Senda Noticiosa\",\"isPartOf\":{\"@id\":\"https:\\\/\\\/sendanoticiosa.com\\\/#website\"},\"primaryImageOfPage\":{\"@id\":\"https:\\\/\\\/sendanoticiosa.com\\\/index.php\\\/2026\\\/04\\\/30\\\/primera-lista-de-javier-aguirre-al-mundial-2026-es-todo-menos-definitiva-luz-de-esperanza-para-marcel-ruiz-o-charly-rodriguez\\\/#primaryimage\"},\"image\":{\"@id\":\"https:\\\/\\\/sendanoticiosa.com\\\/index.php\\\/2026\\\/04\\\/30\\\/primera-lista-de-javier-aguirre-al-mundial-2026-es-todo-menos-definitiva-luz-de-esperanza-para-marcel-ruiz-o-charly-rodriguez\\\/#primaryimage\"},\"thumbnailUrl\":\"https:\\\/\\\/sendanoticiosa.com\\\/wp-content\\\/uploads\\\/2026\\\/04\\\/17774128766702.jpg\",\"datePublished\":\"2026-04-30T05:00:51+00:00\",\"author\":{\"@id\":\"\"},\"breadcrumb\":{\"@id\":\"https:\\\/\\\/sendanoticiosa.com\\\/index.php\\\/2026\\\/04\\\/30\\\/primera-lista-de-javier-aguirre-al-mundial-2026-es-todo-menos-definitiva-luz-de-esperanza-para-marcel-ruiz-o-charly-rodriguez\\\/#breadcrumb\"},\"inLanguage\":\"en-US\",\"potentialAction\":[{\"@type\":\"ReadAction\",\"target\":[\"https:\\\/\\\/sendanoticiosa.com\\\/index.php\\\/2026\\\/04\\\/30\\\/primera-lista-de-javier-aguirre-al-mundial-2026-es-todo-menos-definitiva-luz-de-esperanza-para-marcel-ruiz-o-charly-rodriguez\\\/\"]}]},{\"@type\":\"ImageObject\",\"inLanguage\":\"en-US\",\"@id\":\"https:\\\/\\\/sendanoticiosa.com\\\/index.php\\\/2026\\\/04\\\/30\\\/primera-lista-de-javier-aguirre-al-mundial-2026-es-todo-menos-definitiva-luz-de-esperanza-para-marcel-ruiz-o-charly-rodriguez\\\/#primaryimage\",\"url\":\"https:\\\/\\\/sendanoticiosa.com\\\/wp-content\\\/uploads\\\/2026\\\/04\\\/17774128766702.jpg\",\"contentUrl\":\"https:\\\/\\\/sendanoticiosa.com\\\/wp-content\\\/uploads\\\/2026\\\/04\\\/17774128766702.jpg\",\"width\":1200,\"height\":800,\"caption\":\"Primera lista de Javier Aguirre al Mundial 2026 es todo menos definitiva: Luz de esperanza para Marcel Ruiz o Charly Rodr\u00edguez\"},{\"@type\":\"BreadcrumbList\",\"@id\":\"https:\\\/\\\/sendanoticiosa.com\\\/index.php\\\/2026\\\/04\\\/30\\\/primera-lista-de-javier-aguirre-al-mundial-2026-es-todo-menos-definitiva-luz-de-esperanza-para-marcel-ruiz-o-charly-rodriguez\\\/#breadcrumb\",\"itemListElement\":[{\"@type\":\"ListItem\",\"position\":1,\"name\":\"Portada\",\"item\":\"https:\\\/\\\/sendanoticiosa.com\\\/\"},{\"@type\":\"ListItem\",\"position\":2,\"name\":\"Primera lista de Javier Aguirre al Mundial 2026 es todo menos definitiva: Luz de esperanza para Marcel Ruiz o Charly Rodr\u00edguez\"}]},{\"@type\":\"WebSite\",\"@id\":\"https:\\\/\\\/sendanoticiosa.com\\\/#website\",\"url\":\"https:\\\/\\\/sendanoticiosa.com\\\/\",\"name\":\"Senda Noticiosa\",\"description\":\"\",\"potentialAction\":[{\"@type\":\"SearchAction\",\"target\":{\"@type\":\"EntryPoint\",\"urlTemplate\":\"https:\\\/\\\/sendanoticiosa.com\\\/?s={search_term_string}\"},\"query-input\":{\"@type\":\"PropertyValueSpecification\",\"valueRequired\":true,\"valueName\":\"search_term_string\"}}],\"inLanguage\":\"en-US\"}]}<\/script>\n<!-- \/ Yoast SEO plugin. -->","yoast_head_json":{"title":"Primera lista de Javier Aguirre al Mundial 2026 es todo menos definitiva: Luz de esperanza para Marcel Ruiz o Charly Rodr\u00edguez - Senda Noticiosa","robots":{"index":"index","follow":"follow","max-snippet":"max-snippet:-1","max-image-preview":"max-image-preview:large","max-video-preview":"max-video-preview:-1"},"canonical":"https:\/\/sendanoticiosa.com\/index.php\/2026\/04\/30\/primera-lista-de-javier-aguirre-al-mundial-2026-es-todo-menos-definitiva-luz-de-esperanza-para-marcel-ruiz-o-charly-rodriguez\/","og_locale":"en_US","og_type":"article","og_title":"Primera lista de Javier Aguirre al Mundial 2026 es todo menos definitiva: Luz de esperanza para Marcel Ruiz o Charly Rodr\u00edguez - Senda Noticiosa","og_description":"Los no llamados de los dos jugadores gener\u00f3 controversia. &#8220;Las grandes ausencias de la lista, indiscutiblemente que Charly Rodr\u00edguez, Jes\u00fas Angulo, Diego Lainez, Marcel Ruiz o Everardo L\u00f3pez; sin embargo, aunque est\u00e1n ausentes todav\u00eda tienen posibilidades porque la lista definitiva se entrega el primero de junio y cualquiera de \u00e9stos puede ser convocado por Javier [&hellip;]","og_url":"https:\/\/sendanoticiosa.com\/index.php\/2026\/04\/30\/primera-lista-de-javier-aguirre-al-mundial-2026-es-todo-menos-definitiva-luz-de-esperanza-para-marcel-ruiz-o-charly-rodriguez\/","og_site_name":"Senda Noticiosa","article_published_time":"2026-04-30T05:00:51+00:00","twitter_card":"summary_large_image","twitter_misc":{"Est. reading time":"1 minute"},"schema":{"@context":"https:\/\/schema.org","@graph":[{"@type":"Article","@id":"https:\/\/sendanoticiosa.com\/index.php\/2026\/04\/30\/primera-lista-de-javier-aguirre-al-mundial-2026-es-todo-menos-definitiva-luz-de-esperanza-para-marcel-ruiz-o-charly-rodriguez\/#article","isPartOf":{"@id":"https:\/\/sendanoticiosa.com\/index.php\/2026\/04\/30\/primera-lista-de-javier-aguirre-al-mundial-2026-es-todo-menos-definitiva-luz-de-esperanza-para-marcel-ruiz-o-charly-rodriguez\/"},"author":{"name":"","@id":""},"headline":"Primera lista de Javier Aguirre al Mundial 2026 es todo menos definitiva: Luz de esperanza para Marcel Ruiz o Charly Rodr\u00edguez","datePublished":"2026-04-30T05:00:51+00:00","mainEntityOfPage":{"@id":"https:\/\/sendanoticiosa.com\/index.php\/2026\/04\/30\/primera-lista-de-javier-aguirre-al-mundial-2026-es-todo-menos-definitiva-luz-de-esperanza-para-marcel-ruiz-o-charly-rodriguez\/"},"wordCount":143,"commentCount":0,"image":{"@id":"https:\/\/sendanoticiosa.com\/index.php\/2026\/04\/30\/primera-lista-de-javier-aguirre-al-mundial-2026-es-todo-menos-definitiva-luz-de-esperanza-para-marcel-ruiz-o-charly-rodriguez\/#primaryimage"},"thumbnailUrl":"https:\/\/sendanoticiosa.com\/wp-content\/uploads\/2026\/04\/17774128766702.jpg","articleSection":["Deportes"],"inLanguage":"en-US","potentialAction":[{"@type":"CommentAction","name":"Comment","target":["https:\/\/sendanoticiosa.com\/index.php\/2026\/04\/30\/primera-lista-de-javier-aguirre-al-mundial-2026-es-todo-menos-definitiva-luz-de-esperanza-para-marcel-ruiz-o-charly-rodriguez\/#respond"]}]},{"@type":"WebPage","@id":"https:\/\/sendanoticiosa.com\/index.php\/2026\/04\/30\/primera-lista-de-javier-aguirre-al-mundial-2026-es-todo-menos-definitiva-luz-de-esperanza-para-marcel-ruiz-o-charly-rodriguez\/","url":"https:\/\/sendanoticiosa.com\/index.php\/2026\/04\/30\/primera-lista-de-javier-aguirre-al-mundial-2026-es-todo-menos-definitiva-luz-de-esperanza-para-marcel-ruiz-o-charly-rodriguez\/","name":"Primera lista de Javier Aguirre al Mundial 2026 es todo menos definitiva: Luz de esperanza para Marcel Ruiz o Charly Rodr\u00edguez - Senda Noticiosa","isPartOf":{"@id":"https:\/\/sendanoticiosa.com\/#website"},"primaryImageOfPage":{"@id":"https:\/\/sendanoticiosa.com\/index.php\/2026\/04\/30\/primera-lista-de-javier-aguirre-al-mundial-2026-es-todo-menos-definitiva-luz-de-esperanza-para-marcel-ruiz-o-charly-rodriguez\/#primaryimage"},"image":{"@id":"https:\/\/sendanoticiosa.com\/index.php\/2026\/04\/30\/primera-lista-de-javier-aguirre-al-mundial-2026-es-todo-menos-definitiva-luz-de-esperanza-para-marcel-ruiz-o-charly-rodriguez\/#primaryimage"},"thumbnailUrl":"https:\/\/sendanoticiosa.com\/wp-content\/uploads\/2026\/04\/17774128766702.jpg","datePublished":"2026-04-30T05:00:51+00:00","author":{"@id":""},"breadcrumb":{"@id":"https:\/\/sendanoticiosa.com\/index.php\/2026\/04\/30\/primera-lista-de-javier-aguirre-al-mundial-2026-es-todo-menos-definitiva-luz-de-esperanza-para-marcel-ruiz-o-charly-rodriguez\/#breadcrumb"},"inLanguage":"en-US","potentialAction":[{"@type":"ReadAction","target":["https:\/\/sendanoticiosa.com\/index.php\/2026\/04\/30\/primera-lista-de-javier-aguirre-al-mundial-2026-es-todo-menos-definitiva-luz-de-esperanza-para-marcel-ruiz-o-charly-rodriguez\/"]}]},{"@type":"ImageObject","inLanguage":"en-US","@id":"https:\/\/sendanoticiosa.com\/index.php\/2026\/04\/30\/primera-lista-de-javier-aguirre-al-mundial-2026-es-todo-menos-definitiva-luz-de-esperanza-para-marcel-ruiz-o-charly-rodriguez\/#primaryimage","url":"https:\/\/sendanoticiosa.com\/wp-content\/uploads\/2026\/04\/17774128766702.jpg","contentUrl":"https:\/\/sendanoticiosa.com\/wp-content\/uploads\/2026\/04\/17774128766702.jpg","width":1200,"height":800,"caption":"Primera lista de Javier Aguirre al Mundial 2026 es todo menos definitiva: Luz de esperanza para Marcel Ruiz o Charly Rodr\u00edguez"},{"@type":"BreadcrumbList","@id":"https:\/\/sendanoticiosa.com\/index.php\/2026\/04\/30\/primera-lista-de-javier-aguirre-al-mundial-2026-es-todo-menos-definitiva-luz-de-esperanza-para-marcel-ruiz-o-charly-rodriguez\/#breadcrumb","itemListElement":[{"@type":"ListItem","position":1,"name":"Portada","item":"https:\/\/sendanoticiosa.com\/"},{"@type":"ListItem","position":2,"name":"Primera lista de Javier Aguirre al Mundial 2026 es todo menos definitiva: Luz de esperanza para Marcel Ruiz o Charly Rodr\u00edguez"}]},{"@type":"WebSite","@id":"https:\/\/sendanoticiosa.com\/#website","url":"https:\/\/sendanoticiosa.com\/","name":"Senda Noticiosa","description":"","potentialAction":[{"@type":"SearchAction","target":{"@type":"EntryPoint","urlTemplate":"https:\/\/sendanoticiosa.com\/?s={search_term_string}"},"query-input":{"@type":"PropertyValueSpecification","valueRequired":true,"valueName":"search_term_string"}}],"inLanguage":"en-US"}]}},"_links":{"self":[{"href":"https:\/\/sendanoticiosa.com\/index.php\/wp-json\/wp\/v2\/posts\/8017","targetHints":{"allow":["GET"]}}],"collection":[{"href":"https:\/\/sendanoticiosa.com\/index.php\/wp-json\/wp\/v2\/posts"}],"about":[{"href":"https:\/\/sendanoticiosa.com\/index.php\/wp-json\/wp\/v2\/types\/post"}],"replies":[{"embeddable":true,"href":"https:\/\/sendanoticiosa.com\/index.php\/wp-json\/wp\/v2\/comments?post=8017"}],"version-history":[{"count":0,"href":"https:\/\/sendanoticiosa.com\/index.php\/wp-json\/wp\/v2\/posts\/8017\/revisions"}],"wp:featuredmedia":[{"embeddable":true,"href":"https:\/\/sendanoticiosa.com\/index.php\/wp-json\/wp\/v2\/media\/8018"}],"wp:attachment":[{"href":"https:\/\/sendanoticiosa.com\/index.php\/wp-json\/wp\/v2\/media?parent=8017"}],"wp:term":[{"taxonomy":"category","embeddable":true,"href":"https:\/\/sendanoticiosa.com\/index.php\/wp-json\/wp\/v2\/categories?post=8017"},{"taxonomy":"post_tag","embeddable":true,"href":"https:\/\/sendanoticiosa.com\/index.php\/wp-json\/wp\/v2\/tags?post=8017"}],"curies":[{"name":"wp","href":"https:\/\/api.w.org\/{rel}","templated":true}]}}