{"id":8030,"date":"2026-05-03T00:27:11","date_gmt":"2026-05-02T22:27:11","guid":{"rendered":"https:\/\/sendanoticiosa.com\/?p=8030"},"modified":"2026-05-03T00:27:30","modified_gmt":"2026-05-02T22:27:30","slug":"directivos-del-futbol-irani-se-reuniran-con-fifa-en-zurich-por-el-mundial-en-us","status":"publish","type":"post","link":"https:\/\/sendanoticiosa.com\/index.php\/2026\/05\/03\/directivos-del-futbol-irani-se-reuniran-con-fifa-en-zurich-por-el-mundial-en-us\/","title":{"rendered":"Directivos del f\u00fatbol iran\u00ed se reunir\u00e1n con FIFA en Z\u00farich por el Mundial en US"},"content":{"rendered":"\n<p>Los dirigentes del f\u00fatbol iran\u00ed se disponen a reunirse pronto con la FIFA en Z\u00farich para hablar de sus partidos del Mundial en Estados Unidos en junio.<\/p>\n\n\n\n<p>\u201cTenemos muchos asuntos que discutir\u201d, dijo el viernes el m\u00e1ximo dirigente del f\u00fatbol iran\u00ed, Mehdi Taj, a su regreso a casa desde Canad\u00e1, donde no logr\u00f3 asistir al congreso anual de la FIFA celebrado el jueves en Vancouver.<\/p>\n\n\n\n<p>El secretario general de la FIFA, Mattias Grafstr\u00f6m, ha invitado a una delegaci\u00f3n iran\u00ed a la sede del organismo con fecha l\u00edmite del 20 de mayo, inform\u00f3 el viernes a The Associated Press una persona familiarizada con la propuesta. La fuente habl\u00f3 bajo condici\u00f3n de anonimato debido a la sensibilidad que sigue rodeando el asunto.<\/p>\n\n\n\n<p>Esa fecha en Z\u00farich es tres semanas antes de que el plantel de Ir\u00e1n debe llegar a Estados Unidos, aloj\u00e1ndose en una base de entrenamiento en Tucson, Arizona, para sus tres partidos de la fase de grupos en Inglewood \u2014pr\u00f3ximo a Los \u00c1ngeles\u2014 y Seattle.<\/p>\n\n\n\n<p>\u201cNuestra postura es que pronto tendremos una reuni\u00f3n con la FIFA\u201d, declar\u00f3 Taj a medios iran\u00edes el viernes.<\/p>\n\n\n\n<p>El dif\u00edcil camino de Ir\u00e1n hacia el Mundial<br>Ir\u00e1n es una potencia del f\u00fatbol asi\u00e1tico, pero su capacidad y disposici\u00f3n para acudir al Mundial han sido cuestionadas desde que Estados Unidos e Israel lanzaron ataques militares el 28 de febrero. El torneo ser\u00e1 coorganizado por Canad\u00e1 y M\u00e9xico.<\/p>\n\n\n\n<p>El presidente de la FIFA Gianni Infantino abri\u00f3 su discurso el jueves ante los l\u00edderes del f\u00fatbol mundial \u2014con la ausencia de Ir\u00e1n como \u00fanica entre las 211 federaciones miembro\u2014 con una reiteraci\u00f3n de que Ir\u00e1n acudir\u00e1 y jugar\u00e1 seg\u00fan lo previsto en Estados Unidos.<\/p>\n\n\n\n<p>En la Casa Blanca m\u00e1s tarde el jueves, el presidente Donald Trump confirm\u00f3 su respaldo al equipo de Ir\u00e1n y a\u00f1adi\u00f3: \u201cSi Gianni lo dijo, me parece bien\u201d.<\/p>\n\n\n\n<p>Trump e Infantino se han aliado estrechamente en torno a los preparativos del Mundial, que afronta desaf\u00edos que van m\u00e1s all\u00e1 del caso de Ir\u00e1n. Uno es la concesi\u00f3n de visas de entrada a aficionados de varios pa\u00edses africanos y otro es la seguridad.<\/p>\n\n\n\n<p>Problema a llegar a Canad\u00e1<br>Taj y otros dos dirigentes iran\u00edes tuvieron problemas esta semana al aterrizar en Toronto, en ruta hacia Vancouver, donde se les esperaba en la reuni\u00f3n anual de la FIFA.<\/p>\n\n\n\n<p>Taj, que tambi\u00e9n es vicepresidente del organismo rector del f\u00fatbol asi\u00e1tico, detall\u00f3 el viernes los problemas con las autoridades canadienses, aunque sostuvo que no fue deportado.<\/p>\n\n\n\n<p>\u201cEn Canad\u00e1 nos preguntaron: \u2018\u00bfSon miembros del Cuerpo de la Guardia Revolucionaria Isl\u00e1mica?\u2019 Les dijimos: \u2018En Ir\u00e1n, 90 millones de nosotros somos IRGC\u2019\u201d, seg\u00fan la versi\u00f3n de lo descrito por Taj a medios iran\u00edes.<\/p>\n\n\n\n<p>Tras permanecer retenida durante dos horas en el aeropuerto de Toronto, la delegaci\u00f3n del f\u00fatbol iran\u00ed, que hab\u00eda llegado desde Estambul, fue informada de que pod\u00eda continuar el viaje.<\/p>\n\n\n\n<p>\u201cHubo cierta discusi\u00f3n y \u00e9l dijo: \u2018Depende de ustedes\u2019, y entonces decidimos como grupo regresar\u201d a Estambul, explic\u00f3 Taj. \u201cNo nos deportaron oficialmente, no hay nada etiquetado como deportaci\u00f3n en nuestro expediente, pero en la pr\u00e1ctica fue as\u00ed\u201d.<\/p>\n\n\n\n<p>Taj ten\u00eda una visa v\u00e1lida para entrar a Canad\u00e1 despu\u00e9s de que Estados Unidos le negara una para asistir al sorteo del Mundial en Washington, el 5 de diciembre. En ese acto, Infantino entreg\u00f3 a Trump el primer Premio de la Paz de la FIFA.<\/p>\n\n\n\n<p>Partidos de Ir\u00e1n en el Mundial<br>Ir\u00e1n enfrentar\u00e1 a Nueva Zelanda, B\u00e9lgica y Egipto en su grupo, del 15 al 26 de junio. Los dos primeros encuentros ser\u00e1n en el estadio de la NFL de los Rams de Los \u00c1ngeles Y el tercero se disputar\u00e1 en el estadio de los Seahawks de Seattle.<\/p>\n\n\n\n<p>Si Ir\u00e1n avanza como segundo de su grupo, el equipo podr\u00eda enfrentar a Estados Unidos en la ronda de dieciseisavos de final en el estadio de los Cowboys de Dallas el 3 de julio.<\/p>\n\n\n\n<p>La liga iran\u00ed de f\u00fatbol se suspendi\u00f3 despu\u00e9s de que comenz\u00f3 la guerra y no est\u00e1 previsto que se reanude antes del Mundial. El plantel disput\u00f3 dos partidos de preparaci\u00f3n en marzo en una concentraci\u00f3n en Antalya, Turqu\u00eda, adonde podr\u00eda regresar este mes para alistarse para el Mundial, que comienza el 11 de junio.<\/p>\n","protected":false},"excerpt":{"rendered":"<p>Los dirigentes del f\u00fatbol iran\u00ed se disponen a reunirse pronto con la FIFA en Z\u00farich para hablar de sus partidos del Mundial en Estados Unidos en junio. \u201cTenemos muchos asuntos que discutir\u201d, dijo el viernes el m\u00e1ximo dirigente del f\u00fatbol iran\u00ed, Mehdi Taj, a su regreso a casa desde Canad\u00e1, donde no logr\u00f3 asistir al [&hellip;]<\/p>\n","protected":false},"author":1,"featured_media":8031,"comment_status":"open","ping_status":"open","sticky":false,"template":"","format":"standard","meta":{"inline_featured_image":false,"footnotes":""},"categories":[62],"tags":[],"class_list":["post-8030","post","type-post","status-publish","format-standard","has-post-thumbnail","hentry","category-deportes"],"yoast_head":"<!-- This site is optimized with the Yoast SEO plugin v27.5 - https:\/\/yoast.com\/product\/yoast-seo-wordpress\/ -->\n<title>Directivos del f\u00fatbol iran\u00ed se reunir\u00e1n con FIFA en Z\u00farich por el Mundial en US - Senda Noticiosa<\/title>\n<meta name=\"robots\" content=\"index, follow, max-snippet:-1, max-image-preview:large, max-video-preview:-1\" \/>\n<link rel=\"canonical\" href=\"https:\/\/sendanoticiosa.com\/index.php\/2026\/05\/03\/directivos-del-futbol-irani-se-reuniran-con-fifa-en-zurich-por-el-mundial-en-us\/\" \/>\n<meta property=\"og:locale\" content=\"en_US\" \/>\n<meta property=\"og:type\" content=\"article\" \/>\n<meta property=\"og:title\" content=\"Directivos del f\u00fatbol iran\u00ed se reunir\u00e1n con FIFA en Z\u00farich por el Mundial en US - Senda Noticiosa\" \/>\n<meta property=\"og:description\" content=\"Los dirigentes del f\u00fatbol iran\u00ed se disponen a reunirse pronto con la FIFA en Z\u00farich para hablar de sus partidos del Mundial en Estados Unidos en junio. \u201cTenemos muchos asuntos que discutir\u201d, dijo el viernes el m\u00e1ximo dirigente del f\u00fatbol iran\u00ed, Mehdi Taj, a su regreso a casa desde Canad\u00e1, donde no logr\u00f3 asistir al [&hellip;]\" \/>\n<meta property=\"og:url\" content=\"https:\/\/sendanoticiosa.com\/index.php\/2026\/05\/03\/directivos-del-futbol-irani-se-reuniran-con-fifa-en-zurich-por-el-mundial-en-us\/\" \/>\n<meta property=\"og:site_name\" content=\"Senda Noticiosa\" \/>\n<meta property=\"article:published_time\" content=\"2026-05-02T22:27:11+00:00\" \/>\n<meta property=\"article:modified_time\" content=\"2026-05-02T22:27:30+00:00\" \/>\n<meta property=\"og:image\" content=\"https:\/\/sendanoticiosa.com\/wp-content\/uploads\/2026\/05\/34.-Directivos-del-fut.jpg\" \/>\n\t<meta property=\"og:image:width\" content=\"780\" \/>\n\t<meta property=\"og:image:height\" content=\"470\" \/>\n\t<meta property=\"og:image:type\" content=\"image\/jpeg\" \/>\n<meta name=\"author\" content=\"sendanoticom\" \/>\n<meta name=\"twitter:card\" content=\"summary_large_image\" \/>\n<meta name=\"twitter:label1\" content=\"Written by\" \/>\n\t<meta name=\"twitter:data1\" content=\"sendanoticom\" \/>\n\t<meta name=\"twitter:label2\" content=\"Est. reading time\" \/>\n\t<meta name=\"twitter:data2\" content=\"4 minutes\" \/>\n<script type=\"application\/ld+json\" class=\"yoast-schema-graph\">{\"@context\":\"https:\\\/\\\/schema.org\",\"@graph\":[{\"@type\":\"Article\",\"@id\":\"https:\\\/\\\/sendanoticiosa.com\\\/index.php\\\/2026\\\/05\\\/03\\\/directivos-del-futbol-irani-se-reuniran-con-fifa-en-zurich-por-el-mundial-en-us\\\/#article\",\"isPartOf\":{\"@id\":\"https:\\\/\\\/sendanoticiosa.com\\\/index.php\\\/2026\\\/05\\\/03\\\/directivos-del-futbol-irani-se-reuniran-con-fifa-en-zurich-por-el-mundial-en-us\\\/\"},\"author\":{\"name\":\"sendanoticom\",\"@id\":\"https:\\\/\\\/sendanoticiosa.com\\\/#\\\/schema\\\/person\\\/d8594fe19a3f804aa373a89f0b59c180\"},\"headline\":\"Directivos del f\u00fatbol iran\u00ed se reunir\u00e1n con FIFA en Z\u00farich por el Mundial en US\",\"datePublished\":\"2026-05-02T22:27:11+00:00\",\"dateModified\":\"2026-05-02T22:27:30+00:00\",\"mainEntityOfPage\":{\"@id\":\"https:\\\/\\\/sendanoticiosa.com\\\/index.php\\\/2026\\\/05\\\/03\\\/directivos-del-futbol-irani-se-reuniran-con-fifa-en-zurich-por-el-mundial-en-us\\\/\"},\"wordCount\":769,\"commentCount\":0,\"image\":{\"@id\":\"https:\\\/\\\/sendanoticiosa.com\\\/index.php\\\/2026\\\/05\\\/03\\\/directivos-del-futbol-irani-se-reuniran-con-fifa-en-zurich-por-el-mundial-en-us\\\/#primaryimage\"},\"thumbnailUrl\":\"https:\\\/\\\/sendanoticiosa.com\\\/wp-content\\\/uploads\\\/2026\\\/05\\\/34.-Directivos-del-fut.jpg\",\"articleSection\":[\"Deportes\"],\"inLanguage\":\"en-US\",\"potentialAction\":[{\"@type\":\"CommentAction\",\"name\":\"Comment\",\"target\":[\"https:\\\/\\\/sendanoticiosa.com\\\/index.php\\\/2026\\\/05\\\/03\\\/directivos-del-futbol-irani-se-reuniran-con-fifa-en-zurich-por-el-mundial-en-us\\\/#respond\"]}]},{\"@type\":\"WebPage\",\"@id\":\"https:\\\/\\\/sendanoticiosa.com\\\/index.php\\\/2026\\\/05\\\/03\\\/directivos-del-futbol-irani-se-reuniran-con-fifa-en-zurich-por-el-mundial-en-us\\\/\",\"url\":\"https:\\\/\\\/sendanoticiosa.com\\\/index.php\\\/2026\\\/05\\\/03\\\/directivos-del-futbol-irani-se-reuniran-con-fifa-en-zurich-por-el-mundial-en-us\\\/\",\"name\":\"Directivos del f\u00fatbol iran\u00ed se reunir\u00e1n con FIFA en Z\u00farich por el Mundial en US - Senda Noticiosa\",\"isPartOf\":{\"@id\":\"https:\\\/\\\/sendanoticiosa.com\\\/#website\"},\"primaryImageOfPage\":{\"@id\":\"https:\\\/\\\/sendanoticiosa.com\\\/index.php\\\/2026\\\/05\\\/03\\\/directivos-del-futbol-irani-se-reuniran-con-fifa-en-zurich-por-el-mundial-en-us\\\/#primaryimage\"},\"image\":{\"@id\":\"https:\\\/\\\/sendanoticiosa.com\\\/index.php\\\/2026\\\/05\\\/03\\\/directivos-del-futbol-irani-se-reuniran-con-fifa-en-zurich-por-el-mundial-en-us\\\/#primaryimage\"},\"thumbnailUrl\":\"https:\\\/\\\/sendanoticiosa.com\\\/wp-content\\\/uploads\\\/2026\\\/05\\\/34.-Directivos-del-fut.jpg\",\"datePublished\":\"2026-05-02T22:27:11+00:00\",\"dateModified\":\"2026-05-02T22:27:30+00:00\",\"author\":{\"@id\":\"https:\\\/\\\/sendanoticiosa.com\\\/#\\\/schema\\\/person\\\/d8594fe19a3f804aa373a89f0b59c180\"},\"breadcrumb\":{\"@id\":\"https:\\\/\\\/sendanoticiosa.com\\\/index.php\\\/2026\\\/05\\\/03\\\/directivos-del-futbol-irani-se-reuniran-con-fifa-en-zurich-por-el-mundial-en-us\\\/#breadcrumb\"},\"inLanguage\":\"en-US\",\"potentialAction\":[{\"@type\":\"ReadAction\",\"target\":[\"https:\\\/\\\/sendanoticiosa.com\\\/index.php\\\/2026\\\/05\\\/03\\\/directivos-del-futbol-irani-se-reuniran-con-fifa-en-zurich-por-el-mundial-en-us\\\/\"]}]},{\"@type\":\"ImageObject\",\"inLanguage\":\"en-US\",\"@id\":\"https:\\\/\\\/sendanoticiosa.com\\\/index.php\\\/2026\\\/05\\\/03\\\/directivos-del-futbol-irani-se-reuniran-con-fifa-en-zurich-por-el-mundial-en-us\\\/#primaryimage\",\"url\":\"https:\\\/\\\/sendanoticiosa.com\\\/wp-content\\\/uploads\\\/2026\\\/05\\\/34.-Directivos-del-fut.jpg\",\"contentUrl\":\"https:\\\/\\\/sendanoticiosa.com\\\/wp-content\\\/uploads\\\/2026\\\/05\\\/34.-Directivos-del-fut.jpg\",\"width\":780,\"height\":470},{\"@type\":\"BreadcrumbList\",\"@id\":\"https:\\\/\\\/sendanoticiosa.com\\\/index.php\\\/2026\\\/05\\\/03\\\/directivos-del-futbol-irani-se-reuniran-con-fifa-en-zurich-por-el-mundial-en-us\\\/#breadcrumb\",\"itemListElement\":[{\"@type\":\"ListItem\",\"position\":1,\"name\":\"Portada\",\"item\":\"https:\\\/\\\/sendanoticiosa.com\\\/\"},{\"@type\":\"ListItem\",\"position\":2,\"name\":\"Directivos del f\u00fatbol iran\u00ed se reunir\u00e1n con FIFA en Z\u00farich por el Mundial en US\"}]},{\"@type\":\"WebSite\",\"@id\":\"https:\\\/\\\/sendanoticiosa.com\\\/#website\",\"url\":\"https:\\\/\\\/sendanoticiosa.com\\\/\",\"name\":\"Senda Noticiosa\",\"description\":\"\",\"potentialAction\":[{\"@type\":\"SearchAction\",\"target\":{\"@type\":\"EntryPoint\",\"urlTemplate\":\"https:\\\/\\\/sendanoticiosa.com\\\/?s={search_term_string}\"},\"query-input\":{\"@type\":\"PropertyValueSpecification\",\"valueRequired\":true,\"valueName\":\"search_term_string\"}}],\"inLanguage\":\"en-US\"},{\"@type\":\"Person\",\"@id\":\"https:\\\/\\\/sendanoticiosa.com\\\/#\\\/schema\\\/person\\\/d8594fe19a3f804aa373a89f0b59c180\",\"name\":\"sendanoticom\",\"image\":{\"@type\":\"ImageObject\",\"inLanguage\":\"en-US\",\"@id\":\"https:\\\/\\\/secure.gravatar.com\\\/avatar\\\/ba34ef5c85a7337be858cab52ef8a3ec8e6226b79910ac1660585e274b4a4314?s=96&d=mm&r=g\",\"url\":\"https:\\\/\\\/secure.gravatar.com\\\/avatar\\\/ba34ef5c85a7337be858cab52ef8a3ec8e6226b79910ac1660585e274b4a4314?s=96&d=mm&r=g\",\"contentUrl\":\"https:\\\/\\\/secure.gravatar.com\\\/avatar\\\/ba34ef5c85a7337be858cab52ef8a3ec8e6226b79910ac1660585e274b4a4314?s=96&d=mm&r=g\",\"caption\":\"sendanoticom\"},\"sameAs\":[\"https:\\\/\\\/sendanoticiosa.com\"],\"url\":\"https:\\\/\\\/sendanoticiosa.com\\\/index.php\\\/author\\\/sendanoticom\\\/\"}]}<\/script>\n<!-- \/ Yoast SEO plugin. -->","yoast_head_json":{"title":"Directivos del f\u00fatbol iran\u00ed se reunir\u00e1n con FIFA en Z\u00farich por el Mundial en US - Senda Noticiosa","robots":{"index":"index","follow":"follow","max-snippet":"max-snippet:-1","max-image-preview":"max-image-preview:large","max-video-preview":"max-video-preview:-1"},"canonical":"https:\/\/sendanoticiosa.com\/index.php\/2026\/05\/03\/directivos-del-futbol-irani-se-reuniran-con-fifa-en-zurich-por-el-mundial-en-us\/","og_locale":"en_US","og_type":"article","og_title":"Directivos del f\u00fatbol iran\u00ed se reunir\u00e1n con FIFA en Z\u00farich por el Mundial en US - Senda Noticiosa","og_description":"Los dirigentes del f\u00fatbol iran\u00ed se disponen a reunirse pronto con la FIFA en Z\u00farich para hablar de sus partidos del Mundial en Estados Unidos en junio. \u201cTenemos muchos asuntos que discutir\u201d, dijo el viernes el m\u00e1ximo dirigente del f\u00fatbol iran\u00ed, Mehdi Taj, a su regreso a casa desde Canad\u00e1, donde no logr\u00f3 asistir al [&hellip;]","og_url":"https:\/\/sendanoticiosa.com\/index.php\/2026\/05\/03\/directivos-del-futbol-irani-se-reuniran-con-fifa-en-zurich-por-el-mundial-en-us\/","og_site_name":"Senda Noticiosa","article_published_time":"2026-05-02T22:27:11+00:00","article_modified_time":"2026-05-02T22:27:30+00:00","og_image":[{"width":780,"height":470,"url":"https:\/\/sendanoticiosa.com\/wp-content\/uploads\/2026\/05\/34.-Directivos-del-fut.jpg","type":"image\/jpeg"}],"author":"sendanoticom","twitter_card":"summary_large_image","twitter_misc":{"Written by":"sendanoticom","Est. reading time":"4 minutes"},"schema":{"@context":"https:\/\/schema.org","@graph":[{"@type":"Article","@id":"https:\/\/sendanoticiosa.com\/index.php\/2026\/05\/03\/directivos-del-futbol-irani-se-reuniran-con-fifa-en-zurich-por-el-mundial-en-us\/#article","isPartOf":{"@id":"https:\/\/sendanoticiosa.com\/index.php\/2026\/05\/03\/directivos-del-futbol-irani-se-reuniran-con-fifa-en-zurich-por-el-mundial-en-us\/"},"author":{"name":"sendanoticom","@id":"https:\/\/sendanoticiosa.com\/#\/schema\/person\/d8594fe19a3f804aa373a89f0b59c180"},"headline":"Directivos del f\u00fatbol iran\u00ed se reunir\u00e1n con FIFA en Z\u00farich por el Mundial en US","datePublished":"2026-05-02T22:27:11+00:00","dateModified":"2026-05-02T22:27:30+00:00","mainEntityOfPage":{"@id":"https:\/\/sendanoticiosa.com\/index.php\/2026\/05\/03\/directivos-del-futbol-irani-se-reuniran-con-fifa-en-zurich-por-el-mundial-en-us\/"},"wordCount":769,"commentCount":0,"image":{"@id":"https:\/\/sendanoticiosa.com\/index.php\/2026\/05\/03\/directivos-del-futbol-irani-se-reuniran-con-fifa-en-zurich-por-el-mundial-en-us\/#primaryimage"},"thumbnailUrl":"https:\/\/sendanoticiosa.com\/wp-content\/uploads\/2026\/05\/34.-Directivos-del-fut.jpg","articleSection":["Deportes"],"inLanguage":"en-US","potentialAction":[{"@type":"CommentAction","name":"Comment","target":["https:\/\/sendanoticiosa.com\/index.php\/2026\/05\/03\/directivos-del-futbol-irani-se-reuniran-con-fifa-en-zurich-por-el-mundial-en-us\/#respond"]}]},{"@type":"WebPage","@id":"https:\/\/sendanoticiosa.com\/index.php\/2026\/05\/03\/directivos-del-futbol-irani-se-reuniran-con-fifa-en-zurich-por-el-mundial-en-us\/","url":"https:\/\/sendanoticiosa.com\/index.php\/2026\/05\/03\/directivos-del-futbol-irani-se-reuniran-con-fifa-en-zurich-por-el-mundial-en-us\/","name":"Directivos del f\u00fatbol iran\u00ed se reunir\u00e1n con FIFA en Z\u00farich por el Mundial en US - Senda Noticiosa","isPartOf":{"@id":"https:\/\/sendanoticiosa.com\/#website"},"primaryImageOfPage":{"@id":"https:\/\/sendanoticiosa.com\/index.php\/2026\/05\/03\/directivos-del-futbol-irani-se-reuniran-con-fifa-en-zurich-por-el-mundial-en-us\/#primaryimage"},"image":{"@id":"https:\/\/sendanoticiosa.com\/index.php\/2026\/05\/03\/directivos-del-futbol-irani-se-reuniran-con-fifa-en-zurich-por-el-mundial-en-us\/#primaryimage"},"thumbnailUrl":"https:\/\/sendanoticiosa.com\/wp-content\/uploads\/2026\/05\/34.-Directivos-del-fut.jpg","datePublished":"2026-05-02T22:27:11+00:00","dateModified":"2026-05-02T22:27:30+00:00","author":{"@id":"https:\/\/sendanoticiosa.com\/#\/schema\/person\/d8594fe19a3f804aa373a89f0b59c180"},"breadcrumb":{"@id":"https:\/\/sendanoticiosa.com\/index.php\/2026\/05\/03\/directivos-del-futbol-irani-se-reuniran-con-fifa-en-zurich-por-el-mundial-en-us\/#breadcrumb"},"inLanguage":"en-US","potentialAction":[{"@type":"ReadAction","target":["https:\/\/sendanoticiosa.com\/index.php\/2026\/05\/03\/directivos-del-futbol-irani-se-reuniran-con-fifa-en-zurich-por-el-mundial-en-us\/"]}]},{"@type":"ImageObject","inLanguage":"en-US","@id":"https:\/\/sendanoticiosa.com\/index.php\/2026\/05\/03\/directivos-del-futbol-irani-se-reuniran-con-fifa-en-zurich-por-el-mundial-en-us\/#primaryimage","url":"https:\/\/sendanoticiosa.com\/wp-content\/uploads\/2026\/05\/34.-Directivos-del-fut.jpg","contentUrl":"https:\/\/sendanoticiosa.com\/wp-content\/uploads\/2026\/05\/34.-Directivos-del-fut.jpg","width":780,"height":470},{"@type":"BreadcrumbList","@id":"https:\/\/sendanoticiosa.com\/index.php\/2026\/05\/03\/directivos-del-futbol-irani-se-reuniran-con-fifa-en-zurich-por-el-mundial-en-us\/#breadcrumb","itemListElement":[{"@type":"ListItem","position":1,"name":"Portada","item":"https:\/\/sendanoticiosa.com\/"},{"@type":"ListItem","position":2,"name":"Directivos del f\u00fatbol iran\u00ed se reunir\u00e1n con FIFA en Z\u00farich por el Mundial en US"}]},{"@type":"WebSite","@id":"https:\/\/sendanoticiosa.com\/#website","url":"https:\/\/sendanoticiosa.com\/","name":"Senda Noticiosa","description":"","potentialAction":[{"@type":"SearchAction","target":{"@type":"EntryPoint","urlTemplate":"https:\/\/sendanoticiosa.com\/?s={search_term_string}"},"query-input":{"@type":"PropertyValueSpecification","valueRequired":true,"valueName":"search_term_string"}}],"inLanguage":"en-US"},{"@type":"Person","@id":"https:\/\/sendanoticiosa.com\/#\/schema\/person\/d8594fe19a3f804aa373a89f0b59c180","name":"sendanoticom","image":{"@type":"ImageObject","inLanguage":"en-US","@id":"https:\/\/secure.gravatar.com\/avatar\/ba34ef5c85a7337be858cab52ef8a3ec8e6226b79910ac1660585e274b4a4314?s=96&d=mm&r=g","url":"https:\/\/secure.gravatar.com\/avatar\/ba34ef5c85a7337be858cab52ef8a3ec8e6226b79910ac1660585e274b4a4314?s=96&d=mm&r=g","contentUrl":"https:\/\/secure.gravatar.com\/avatar\/ba34ef5c85a7337be858cab52ef8a3ec8e6226b79910ac1660585e274b4a4314?s=96&d=mm&r=g","caption":"sendanoticom"},"sameAs":["https:\/\/sendanoticiosa.com"],"url":"https:\/\/sendanoticiosa.com\/index.php\/author\/sendanoticom\/"}]}},"_links":{"self":[{"href":"https:\/\/sendanoticiosa.com\/index.php\/wp-json\/wp\/v2\/posts\/8030","targetHints":{"allow":["GET"]}}],"collection":[{"href":"https:\/\/sendanoticiosa.com\/index.php\/wp-json\/wp\/v2\/posts"}],"about":[{"href":"https:\/\/sendanoticiosa.com\/index.php\/wp-json\/wp\/v2\/types\/post"}],"author":[{"embeddable":true,"href":"https:\/\/sendanoticiosa.com\/index.php\/wp-json\/wp\/v2\/users\/1"}],"replies":[{"embeddable":true,"href":"https:\/\/sendanoticiosa.com\/index.php\/wp-json\/wp\/v2\/comments?post=8030"}],"version-history":[{"count":1,"href":"https:\/\/sendanoticiosa.com\/index.php\/wp-json\/wp\/v2\/posts\/8030\/revisions"}],"predecessor-version":[{"id":8032,"href":"https:\/\/sendanoticiosa.com\/index.php\/wp-json\/wp\/v2\/posts\/8030\/revisions\/8032"}],"wp:featuredmedia":[{"embeddable":true,"href":"https:\/\/sendanoticiosa.com\/index.php\/wp-json\/wp\/v2\/media\/8031"}],"wp:attachment":[{"href":"https:\/\/sendanoticiosa.com\/index.php\/wp-json\/wp\/v2\/media?parent=8030"}],"wp:term":[{"taxonomy":"category","embeddable":true,"href":"https:\/\/sendanoticiosa.com\/index.php\/wp-json\/wp\/v2\/categories?post=8030"},{"taxonomy":"post_tag","embeddable":true,"href":"https:\/\/sendanoticiosa.com\/index.php\/wp-json\/wp\/v2\/tags?post=8030"}],"curies":[{"name":"wp","href":"https:\/\/api.w.org\/{rel}","templated":true}]}}