{"id":8517,"date":"2026-08-31T21:10:44","date_gmt":"2026-08-31T19:10:44","guid":{"rendered":"https:\/\/sendanoticiosa.com\/?p=8517"},"modified":"2026-08-31T21:10:45","modified_gmt":"2026-08-31T19:10:45","slug":"lazaro-cardenas-y-yucatan-marcan-el-paso-de-apm-terminals-en-mexico","status":"publish","type":"post","link":"https:\/\/sendanoticiosa.com\/index.php\/2026\/08\/31\/lazaro-cardenas-y-yucatan-marcan-el-paso-de-apm-terminals-en-mexico\/","title":{"rendered":"L\u00e1zaro C\u00e1rdenas y Yucat\u00e1n marcan el paso de APM Terminals en M\u00e9xico"},"content":{"rendered":"\n<p class=\"wp-block-paragraph\">APM Terminals M\u00e9xico\u00a0cerr\u00f3 el primer semestre de 2026 con un crecimiento a tasa anual de 35% en el\u00a0<strong>movimiento de contenedores en su terminal de L\u00e1zaro C\u00e1rdenas<\/strong>, mientras que su operaci\u00f3n en Yucat\u00e1n super\u00f3 los 41 mil TEU (contenedores de 20 pies), en momentos en que ambos recintos atraviesan procesos de modernizaci\u00f3n y la compa\u00f1\u00eda avanza en la electrificaci\u00f3n de sus operaciones portuarias.<\/p>\n\n\n\n<p class=\"wp-block-paragraph\">Entre enero y junio,\u00a0APM Terminals L\u00e1zaro C\u00e1rdenas\u00a0moviliz\u00f3\u00a0<strong>684 mil 599 TEU<\/strong>, frente a los 508 mil 506 registrados durante el mismo periodo de 2025, una diferencia de 176 mil 93 TEU que dimensiona el incremento de actividad observado durante los primeros seis meses del a\u00f1o.<\/p>\n\n\n\n<p class=\"wp-block-paragraph\">Una parte importante de este volumen estuvo relacionada con la&nbsp;<strong>carga de transbordo<\/strong>. Al cierre de junio, la terminal acumul\u00f3 416 mil 102 TEU bajo este tipo de operaci\u00f3n, equivalentes a alrededor de 61% de todos los contenedores movilizados durante el periodo.<\/p>\n\n\n\n<blockquote class=\"wp-block-quote is-layout-flow wp-block-quote-is-layout-flow\">\n<p class=\"wp-block-paragraph\">El comportamiento tambi\u00e9n se reflej\u00f3 en la carga vinculada directamente con los flujos comerciales, ya que el movimiento de contenedores llenos aument\u00f3 37% durante el primer semestre. Ambos indicadores muestran el mayor volumen que est\u00e1 siendo procesado por la instalaci\u00f3n de L\u00e1zaro C\u00e1rdenas y la relevancia que mantienen los transbordos dentro de su mezcla operativa.<\/p>\n<\/blockquote>\n\n\n\n<p class=\"wp-block-paragraph\">El crecimiento ocurre de manera paralela al&nbsp;<strong>proceso de modernizaci\u00f3n<\/strong>&nbsp;que APM Terminals desarrolla en sus operaciones mexicanas, donde la automatizaci\u00f3n, digitalizaci\u00f3n y mejora de procesos forman parte de la estrategia para incrementar la capacidad de atenci\u00f3n de carga y sostener mayores vol\u00famenes.<\/p>\n\n\n\n<p class=\"wp-block-paragraph\">En el sureste mexicano, la operaci\u00f3n presenta una escala distinta.\u00a0<strong>APM Terminals Yucat\u00e1n\u00a0moviliz\u00f3 41 mil 442 TEU<\/strong>\u00a0durante los primeros seis meses de 2026, al mismo tiempo que contin\u00faa el proyecto de modernizaci\u00f3n de la terminal.<\/p>\n\n\n\n<p class=\"wp-block-paragraph\">La transformaci\u00f3n de esta instalaci\u00f3n se desarrolla en el contexto de la&nbsp;<strong>ampliaci\u00f3n de infraestructura portuaria<\/strong>&nbsp;en Yucat\u00e1n y busca preparar la operaci\u00f3n para acompa\u00f1ar un eventual crecimiento de los flujos comerciales y log\u00edsticos de la regi\u00f3n.<\/p>\n\n\n\n<p class=\"wp-block-paragraph\"><strong>Beatriz Yera<\/strong>, directora general de APM Terminals M\u00e9xico, vincul\u00f3 el desempe\u00f1o de las terminales con las inversiones que la empresa mantiene en infraestructura y tecnolog\u00eda.<\/p>\n\n\n\n<blockquote class=\"wp-block-quote is-layout-flow wp-block-quote-is-layout-flow\">\n<p class=\"wp-block-paragraph\">\u201cEl crecimiento que estamos registrando en nuestras terminales refleja la capacidad de responder a las necesidades de los clientes y a la evoluci\u00f3n del comercio internacional. La inversi\u00f3n en infraestructura, automatizaci\u00f3n y tecnolog\u00eda, acompa\u00f1ada del talento de nuestros colaboradores, nos permite ofrecer una mayor eficiencia operativa, al tiempo que contribuimos al desarrollo de los ecosistemas log\u00edsticos y de las comunidades donde estamos presentes. Estamos convencidos de que generar prosperidad compartida implica tambi\u00e9n impulsar oportunidades para el talento y construir relaciones de largo plazo que favorezcan un crecimiento sostenible e incluyente\u201d, se\u00f1al\u00f3 a trav\u00e9s de un comunicado de prensa.<\/p>\n<\/blockquote>\n\n\n\n<p class=\"wp-block-paragraph\">A la expansi\u00f3n y modernizaci\u00f3n de las instalaciones se suma otro frente que comienza a modificar las operaciones portuarias: la transici\u00f3n energ\u00e9tica. En M\u00e9xico,&nbsp;<strong>APM Terminals trabaja en la optimizaci\u00f3n del consumo de energ\u00eda<\/strong>, la electrificaci\u00f3n de equipos y operaciones y la incorporaci\u00f3n de fuentes renovables, como parte de su objetivo de alcanzar cero emisiones netas hacia 2040.<\/p>\n\n\n\n<p class=\"wp-block-paragraph\">Dentro de esta estrategia, la terminal de Yucat\u00e1n tiene un papel particular, debido a que fue seleccionada como una de tres instalaciones piloto de APM Terminals a nivel mundial para&nbsp;<strong>implementar nuevas soluciones de electrificaci\u00f3n<\/strong>.<\/p>\n\n\n\n<p class=\"wp-block-paragraph\">De esta manera, el balance del primer semestre muestra dos momentos diferentes dentro de las operaciones de la compa\u00f1\u00eda en M\u00e9xico: mientras L\u00e1zaro C\u00e1rdenas registra un crecimiento de doble d\u00edgito y una elevada participaci\u00f3n de los transbordos, Yucat\u00e1n avanza en un proceso de modernizaci\u00f3n que tambi\u00e9n servir\u00e1 como campo de prueba para tecnolog\u00edas encaminadas a electrificar y reducir las emisiones de la actividad portuaria.<\/p>\n","protected":false},"excerpt":{"rendered":"<p>APM Terminals M\u00e9xico\u00a0cerr\u00f3 el primer semestre de 2026 con un crecimiento a tasa anual de 35% en el\u00a0movimiento de contenedores en su terminal de L\u00e1zaro C\u00e1rdenas, mientras que su operaci\u00f3n en Yucat\u00e1n super\u00f3 los 41 mil TEU (contenedores de 20 pies), en momentos en que ambos recintos atraviesan procesos de modernizaci\u00f3n y la compa\u00f1\u00eda avanza [&hellip;]<\/p>\n","protected":false},"author":1,"featured_media":8518,"comment_status":"open","ping_status":"open","sticky":false,"template":"","format":"standard","meta":{"inline_featured_image":false,"footnotes":""},"categories":[51],"tags":[],"class_list":["post-8517","post","type-post","status-publish","format-standard","has-post-thumbnail","hentry","category-nacional"],"yoast_head":"<!-- This site is optimized with the Yoast SEO plugin v28.3 - https:\/\/yoast.com\/product\/yoast-seo-wordpress\/ -->\n<title>L\u00e1zaro C\u00e1rdenas y Yucat\u00e1n marcan el paso de APM Terminals en M\u00e9xico - Senda Noticiosa<\/title>\n<meta name=\"robots\" content=\"index, follow, max-snippet:-1, max-image-preview:large, max-video-preview:-1\" \/>\n<link rel=\"canonical\" href=\"https:\/\/sendanoticiosa.com\/index.php\/2026\/08\/31\/lazaro-cardenas-y-yucatan-marcan-el-paso-de-apm-terminals-en-mexico\/\" \/>\n<meta property=\"og:locale\" content=\"en_US\" \/>\n<meta property=\"og:type\" content=\"article\" \/>\n<meta property=\"og:title\" content=\"L\u00e1zaro C\u00e1rdenas y Yucat\u00e1n marcan el paso de APM Terminals en M\u00e9xico - Senda Noticiosa\" \/>\n<meta property=\"og:description\" content=\"APM Terminals M\u00e9xico\u00a0cerr\u00f3 el primer semestre de 2026 con un crecimiento a tasa anual de 35% en el\u00a0movimiento de contenedores en su terminal de L\u00e1zaro C\u00e1rdenas, mientras que su operaci\u00f3n en Yucat\u00e1n super\u00f3 los 41 mil TEU (contenedores de 20 pies), en momentos en que ambos recintos atraviesan procesos de modernizaci\u00f3n y la compa\u00f1\u00eda avanza [&hellip;]\" \/>\n<meta property=\"og:url\" content=\"https:\/\/sendanoticiosa.com\/index.php\/2026\/08\/31\/lazaro-cardenas-y-yucatan-marcan-el-paso-de-apm-terminals-en-mexico\/\" \/>\n<meta property=\"og:site_name\" content=\"Senda Noticiosa\" \/>\n<meta property=\"article:published_time\" content=\"2026-08-31T19:10:44+00:00\" \/>\n<meta property=\"article:modified_time\" content=\"2026-08-31T19:10:45+00:00\" \/>\n<meta property=\"og:image\" content=\"https:\/\/sendanoticiosa.com\/wp-content\/uploads\/2026\/08\/APM-Terminals-Lazaro-Cardenas2-APMT.jpg\" \/>\n\t<meta property=\"og:image:width\" content=\"1170\" \/>\n\t<meta property=\"og:image:height\" content=\"700\" \/>\n\t<meta property=\"og:image:type\" content=\"image\/jpeg\" \/>\n<meta name=\"author\" content=\"sendanoticom\" \/>\n<meta name=\"twitter:card\" content=\"summary_large_image\" \/>\n<meta name=\"twitter:label1\" content=\"Written by\" \/>\n\t<meta name=\"twitter:data1\" content=\"sendanoticom\" \/>\n\t<meta name=\"twitter:label2\" content=\"Est. reading time\" \/>\n\t<meta name=\"twitter:data2\" content=\"3 minutes\" \/>\n<script type=\"application\/ld+json\" class=\"yoast-schema-graph\">{\"@context\":\"https:\\\/\\\/schema.org\",\"@graph\":[{\"@type\":\"Article\",\"@id\":\"https:\\\/\\\/sendanoticiosa.com\\\/index.php\\\/2026\\\/08\\\/31\\\/lazaro-cardenas-y-yucatan-marcan-el-paso-de-apm-terminals-en-mexico\\\/#article\",\"isPartOf\":{\"@id\":\"https:\\\/\\\/sendanoticiosa.com\\\/index.php\\\/2026\\\/08\\\/31\\\/lazaro-cardenas-y-yucatan-marcan-el-paso-de-apm-terminals-en-mexico\\\/\"},\"author\":{\"name\":\"sendanoticom\",\"@id\":\"https:\\\/\\\/sendanoticiosa.com\\\/#\\\/schema\\\/person\\\/6a5e18c406e3c548ddb81189cc6ae63d\"},\"headline\":\"L\u00e1zaro C\u00e1rdenas y Yucat\u00e1n marcan el paso de APM Terminals en M\u00e9xico\",\"datePublished\":\"2026-08-31T19:10:44+00:00\",\"dateModified\":\"2026-08-31T19:10:45+00:00\",\"mainEntityOfPage\":{\"@id\":\"https:\\\/\\\/sendanoticiosa.com\\\/index.php\\\/2026\\\/08\\\/31\\\/lazaro-cardenas-y-yucatan-marcan-el-paso-de-apm-terminals-en-mexico\\\/\"},\"wordCount\":675,\"commentCount\":0,\"image\":{\"@id\":\"https:\\\/\\\/sendanoticiosa.com\\\/index.php\\\/2026\\\/08\\\/31\\\/lazaro-cardenas-y-yucatan-marcan-el-paso-de-apm-terminals-en-mexico\\\/#primaryimage\"},\"thumbnailUrl\":\"https:\\\/\\\/sendanoticiosa.com\\\/wp-content\\\/uploads\\\/2026\\\/08\\\/APM-Terminals-Lazaro-Cardenas2-APMT.jpg\",\"articleSection\":[\"Nacional\"],\"inLanguage\":\"en-US\",\"potentialAction\":[{\"@type\":\"CommentAction\",\"name\":\"Comment\",\"target\":[\"https:\\\/\\\/sendanoticiosa.com\\\/index.php\\\/2026\\\/08\\\/31\\\/lazaro-cardenas-y-yucatan-marcan-el-paso-de-apm-terminals-en-mexico\\\/#respond\"]}]},{\"@type\":\"WebPage\",\"@id\":\"https:\\\/\\\/sendanoticiosa.com\\\/index.php\\\/2026\\\/08\\\/31\\\/lazaro-cardenas-y-yucatan-marcan-el-paso-de-apm-terminals-en-mexico\\\/\",\"url\":\"https:\\\/\\\/sendanoticiosa.com\\\/index.php\\\/2026\\\/08\\\/31\\\/lazaro-cardenas-y-yucatan-marcan-el-paso-de-apm-terminals-en-mexico\\\/\",\"name\":\"L\u00e1zaro C\u00e1rdenas y Yucat\u00e1n marcan el paso de APM Terminals en M\u00e9xico - Senda Noticiosa\",\"isPartOf\":{\"@id\":\"https:\\\/\\\/sendanoticiosa.com\\\/#website\"},\"primaryImageOfPage\":{\"@id\":\"https:\\\/\\\/sendanoticiosa.com\\\/index.php\\\/2026\\\/08\\\/31\\\/lazaro-cardenas-y-yucatan-marcan-el-paso-de-apm-terminals-en-mexico\\\/#primaryimage\"},\"image\":{\"@id\":\"https:\\\/\\\/sendanoticiosa.com\\\/index.php\\\/2026\\\/08\\\/31\\\/lazaro-cardenas-y-yucatan-marcan-el-paso-de-apm-terminals-en-mexico\\\/#primaryimage\"},\"thumbnailUrl\":\"https:\\\/\\\/sendanoticiosa.com\\\/wp-content\\\/uploads\\\/2026\\\/08\\\/APM-Terminals-Lazaro-Cardenas2-APMT.jpg\",\"datePublished\":\"2026-08-31T19:10:44+00:00\",\"dateModified\":\"2026-08-31T19:10:45+00:00\",\"author\":{\"@id\":\"https:\\\/\\\/sendanoticiosa.com\\\/#\\\/schema\\\/person\\\/6a5e18c406e3c548ddb81189cc6ae63d\"},\"breadcrumb\":{\"@id\":\"https:\\\/\\\/sendanoticiosa.com\\\/index.php\\\/2026\\\/08\\\/31\\\/lazaro-cardenas-y-yucatan-marcan-el-paso-de-apm-terminals-en-mexico\\\/#breadcrumb\"},\"inLanguage\":\"en-US\",\"potentialAction\":[{\"@type\":\"ReadAction\",\"target\":[\"https:\\\/\\\/sendanoticiosa.com\\\/index.php\\\/2026\\\/08\\\/31\\\/lazaro-cardenas-y-yucatan-marcan-el-paso-de-apm-terminals-en-mexico\\\/\"]}]},{\"@type\":\"ImageObject\",\"inLanguage\":\"en-US\",\"@id\":\"https:\\\/\\\/sendanoticiosa.com\\\/index.php\\\/2026\\\/08\\\/31\\\/lazaro-cardenas-y-yucatan-marcan-el-paso-de-apm-terminals-en-mexico\\\/#primaryimage\",\"url\":\"https:\\\/\\\/sendanoticiosa.com\\\/wp-content\\\/uploads\\\/2026\\\/08\\\/APM-Terminals-Lazaro-Cardenas2-APMT.jpg\",\"contentUrl\":\"https:\\\/\\\/sendanoticiosa.com\\\/wp-content\\\/uploads\\\/2026\\\/08\\\/APM-Terminals-Lazaro-Cardenas2-APMT.jpg\",\"width\":1170,\"height\":700},{\"@type\":\"BreadcrumbList\",\"@id\":\"https:\\\/\\\/sendanoticiosa.com\\\/index.php\\\/2026\\\/08\\\/31\\\/lazaro-cardenas-y-yucatan-marcan-el-paso-de-apm-terminals-en-mexico\\\/#breadcrumb\",\"itemListElement\":[{\"@type\":\"ListItem\",\"position\":1,\"name\":\"Portada\",\"item\":\"https:\\\/\\\/sendanoticiosa.com\\\/\"},{\"@type\":\"ListItem\",\"position\":2,\"name\":\"L\u00e1zaro C\u00e1rdenas y Yucat\u00e1n marcan el paso de APM Terminals en M\u00e9xico\"}]},{\"@type\":\"WebSite\",\"@id\":\"https:\\\/\\\/sendanoticiosa.com\\\/#website\",\"url\":\"https:\\\/\\\/sendanoticiosa.com\\\/\",\"name\":\"Senda Noticiosa\",\"description\":\"\",\"potentialAction\":[{\"@type\":\"SearchAction\",\"target\":{\"@type\":\"EntryPoint\",\"urlTemplate\":\"https:\\\/\\\/sendanoticiosa.com\\\/?s={search_term_string}\"},\"query-input\":{\"@type\":\"PropertyValueSpecification\",\"valueRequired\":true,\"valueName\":\"search_term_string\"}}],\"inLanguage\":\"en-US\"},{\"@type\":\"Person\",\"@id\":\"https:\\\/\\\/sendanoticiosa.com\\\/#\\\/schema\\\/person\\\/6a5e18c406e3c548ddb81189cc6ae63d\",\"name\":\"sendanoticom\",\"image\":{\"@type\":\"ImageObject\",\"inLanguage\":\"en-US\",\"@id\":\"https:\\\/\\\/secure.gravatar.com\\\/avatar\\\/ba34ef5c85a7337be858cab52ef8a3ec8e6226b79910ac1660585e274b4a4314?s=96&d=mm&r=g\",\"url\":\"https:\\\/\\\/secure.gravatar.com\\\/avatar\\\/ba34ef5c85a7337be858cab52ef8a3ec8e6226b79910ac1660585e274b4a4314?s=96&d=mm&r=g\",\"contentUrl\":\"https:\\\/\\\/secure.gravatar.com\\\/avatar\\\/ba34ef5c85a7337be858cab52ef8a3ec8e6226b79910ac1660585e274b4a4314?s=96&d=mm&r=g\",\"caption\":\"sendanoticom\"},\"sameAs\":[\"https:\\\/\\\/sendanoticiosa.com\"],\"url\":\"https:\\\/\\\/sendanoticiosa.com\\\/index.php\\\/author\\\/sendanoticom\\\/\"}]}<\/script>\n<!-- \/ Yoast SEO plugin. -->","yoast_head_json":{"title":"L\u00e1zaro C\u00e1rdenas y Yucat\u00e1n marcan el paso de APM Terminals en M\u00e9xico - Senda Noticiosa","robots":{"index":"index","follow":"follow","max-snippet":"max-snippet:-1","max-image-preview":"max-image-preview:large","max-video-preview":"max-video-preview:-1"},"canonical":"https:\/\/sendanoticiosa.com\/index.php\/2026\/08\/31\/lazaro-cardenas-y-yucatan-marcan-el-paso-de-apm-terminals-en-mexico\/","og_locale":"en_US","og_type":"article","og_title":"L\u00e1zaro C\u00e1rdenas y Yucat\u00e1n marcan el paso de APM Terminals en M\u00e9xico - Senda Noticiosa","og_description":"APM Terminals M\u00e9xico\u00a0cerr\u00f3 el primer semestre de 2026 con un crecimiento a tasa anual de 35% en el\u00a0movimiento de contenedores en su terminal de L\u00e1zaro C\u00e1rdenas, mientras que su operaci\u00f3n en Yucat\u00e1n super\u00f3 los 41 mil TEU (contenedores de 20 pies), en momentos en que ambos recintos atraviesan procesos de modernizaci\u00f3n y la compa\u00f1\u00eda avanza [&hellip;]","og_url":"https:\/\/sendanoticiosa.com\/index.php\/2026\/08\/31\/lazaro-cardenas-y-yucatan-marcan-el-paso-de-apm-terminals-en-mexico\/","og_site_name":"Senda Noticiosa","article_published_time":"2026-08-31T19:10:44+00:00","article_modified_time":"2026-08-31T19:10:45+00:00","og_image":[{"width":1170,"height":700,"url":"https:\/\/sendanoticiosa.com\/wp-content\/uploads\/2026\/08\/APM-Terminals-Lazaro-Cardenas2-APMT.jpg","type":"image\/jpeg"}],"author":"sendanoticom","twitter_card":"summary_large_image","twitter_misc":{"Written by":"sendanoticom","Est. reading time":"3 minutes"},"schema":{"@context":"https:\/\/schema.org","@graph":[{"@type":"Article","@id":"https:\/\/sendanoticiosa.com\/index.php\/2026\/08\/31\/lazaro-cardenas-y-yucatan-marcan-el-paso-de-apm-terminals-en-mexico\/#article","isPartOf":{"@id":"https:\/\/sendanoticiosa.com\/index.php\/2026\/08\/31\/lazaro-cardenas-y-yucatan-marcan-el-paso-de-apm-terminals-en-mexico\/"},"author":{"name":"sendanoticom","@id":"https:\/\/sendanoticiosa.com\/#\/schema\/person\/6a5e18c406e3c548ddb81189cc6ae63d"},"headline":"L\u00e1zaro C\u00e1rdenas y Yucat\u00e1n marcan el paso de APM Terminals en M\u00e9xico","datePublished":"2026-08-31T19:10:44+00:00","dateModified":"2026-08-31T19:10:45+00:00","mainEntityOfPage":{"@id":"https:\/\/sendanoticiosa.com\/index.php\/2026\/08\/31\/lazaro-cardenas-y-yucatan-marcan-el-paso-de-apm-terminals-en-mexico\/"},"wordCount":675,"commentCount":0,"image":{"@id":"https:\/\/sendanoticiosa.com\/index.php\/2026\/08\/31\/lazaro-cardenas-y-yucatan-marcan-el-paso-de-apm-terminals-en-mexico\/#primaryimage"},"thumbnailUrl":"https:\/\/sendanoticiosa.com\/wp-content\/uploads\/2026\/08\/APM-Terminals-Lazaro-Cardenas2-APMT.jpg","articleSection":["Nacional"],"inLanguage":"en-US","potentialAction":[{"@type":"CommentAction","name":"Comment","target":["https:\/\/sendanoticiosa.com\/index.php\/2026\/08\/31\/lazaro-cardenas-y-yucatan-marcan-el-paso-de-apm-terminals-en-mexico\/#respond"]}]},{"@type":"WebPage","@id":"https:\/\/sendanoticiosa.com\/index.php\/2026\/08\/31\/lazaro-cardenas-y-yucatan-marcan-el-paso-de-apm-terminals-en-mexico\/","url":"https:\/\/sendanoticiosa.com\/index.php\/2026\/08\/31\/lazaro-cardenas-y-yucatan-marcan-el-paso-de-apm-terminals-en-mexico\/","name":"L\u00e1zaro C\u00e1rdenas y Yucat\u00e1n marcan el paso de APM Terminals en M\u00e9xico - Senda Noticiosa","isPartOf":{"@id":"https:\/\/sendanoticiosa.com\/#website"},"primaryImageOfPage":{"@id":"https:\/\/sendanoticiosa.com\/index.php\/2026\/08\/31\/lazaro-cardenas-y-yucatan-marcan-el-paso-de-apm-terminals-en-mexico\/#primaryimage"},"image":{"@id":"https:\/\/sendanoticiosa.com\/index.php\/2026\/08\/31\/lazaro-cardenas-y-yucatan-marcan-el-paso-de-apm-terminals-en-mexico\/#primaryimage"},"thumbnailUrl":"https:\/\/sendanoticiosa.com\/wp-content\/uploads\/2026\/08\/APM-Terminals-Lazaro-Cardenas2-APMT.jpg","datePublished":"2026-08-31T19:10:44+00:00","dateModified":"2026-08-31T19:10:45+00:00","author":{"@id":"https:\/\/sendanoticiosa.com\/#\/schema\/person\/6a5e18c406e3c548ddb81189cc6ae63d"},"breadcrumb":{"@id":"https:\/\/sendanoticiosa.com\/index.php\/2026\/08\/31\/lazaro-cardenas-y-yucatan-marcan-el-paso-de-apm-terminals-en-mexico\/#breadcrumb"},"inLanguage":"en-US","potentialAction":[{"@type":"ReadAction","target":["https:\/\/sendanoticiosa.com\/index.php\/2026\/08\/31\/lazaro-cardenas-y-yucatan-marcan-el-paso-de-apm-terminals-en-mexico\/"]}]},{"@type":"ImageObject","inLanguage":"en-US","@id":"https:\/\/sendanoticiosa.com\/index.php\/2026\/08\/31\/lazaro-cardenas-y-yucatan-marcan-el-paso-de-apm-terminals-en-mexico\/#primaryimage","url":"https:\/\/sendanoticiosa.com\/wp-content\/uploads\/2026\/08\/APM-Terminals-Lazaro-Cardenas2-APMT.jpg","contentUrl":"https:\/\/sendanoticiosa.com\/wp-content\/uploads\/2026\/08\/APM-Terminals-Lazaro-Cardenas2-APMT.jpg","width":1170,"height":700},{"@type":"BreadcrumbList","@id":"https:\/\/sendanoticiosa.com\/index.php\/2026\/08\/31\/lazaro-cardenas-y-yucatan-marcan-el-paso-de-apm-terminals-en-mexico\/#breadcrumb","itemListElement":[{"@type":"ListItem","position":1,"name":"Portada","item":"https:\/\/sendanoticiosa.com\/"},{"@type":"ListItem","position":2,"name":"L\u00e1zaro C\u00e1rdenas y Yucat\u00e1n marcan el paso de APM Terminals en M\u00e9xico"}]},{"@type":"WebSite","@id":"https:\/\/sendanoticiosa.com\/#website","url":"https:\/\/sendanoticiosa.com\/","name":"Senda Noticiosa","description":"","potentialAction":[{"@type":"SearchAction","target":{"@type":"EntryPoint","urlTemplate":"https:\/\/sendanoticiosa.com\/?s={search_term_string}"},"query-input":{"@type":"PropertyValueSpecification","valueRequired":true,"valueName":"search_term_string"}}],"inLanguage":"en-US"},{"@type":"Person","@id":"https:\/\/sendanoticiosa.com\/#\/schema\/person\/6a5e18c406e3c548ddb81189cc6ae63d","name":"sendanoticom","image":{"@type":"ImageObject","inLanguage":"en-US","@id":"https:\/\/secure.gravatar.com\/avatar\/ba34ef5c85a7337be858cab52ef8a3ec8e6226b79910ac1660585e274b4a4314?s=96&d=mm&r=g","url":"https:\/\/secure.gravatar.com\/avatar\/ba34ef5c85a7337be858cab52ef8a3ec8e6226b79910ac1660585e274b4a4314?s=96&d=mm&r=g","contentUrl":"https:\/\/secure.gravatar.com\/avatar\/ba34ef5c85a7337be858cab52ef8a3ec8e6226b79910ac1660585e274b4a4314?s=96&d=mm&r=g","caption":"sendanoticom"},"sameAs":["https:\/\/sendanoticiosa.com"],"url":"https:\/\/sendanoticiosa.com\/index.php\/author\/sendanoticom\/"}]}},"_links":{"self":[{"href":"https:\/\/sendanoticiosa.com\/index.php\/wp-json\/wp\/v2\/posts\/8517","targetHints":{"allow":["GET"]}}],"collection":[{"href":"https:\/\/sendanoticiosa.com\/index.php\/wp-json\/wp\/v2\/posts"}],"about":[{"href":"https:\/\/sendanoticiosa.com\/index.php\/wp-json\/wp\/v2\/types\/post"}],"author":[{"embeddable":true,"href":"https:\/\/sendanoticiosa.com\/index.php\/wp-json\/wp\/v2\/users\/1"}],"replies":[{"embeddable":true,"href":"https:\/\/sendanoticiosa.com\/index.php\/wp-json\/wp\/v2\/comments?post=8517"}],"version-history":[{"count":1,"href":"https:\/\/sendanoticiosa.com\/index.php\/wp-json\/wp\/v2\/posts\/8517\/revisions"}],"predecessor-version":[{"id":8519,"href":"https:\/\/sendanoticiosa.com\/index.php\/wp-json\/wp\/v2\/posts\/8517\/revisions\/8519"}],"wp:featuredmedia":[{"embeddable":true,"href":"https:\/\/sendanoticiosa.com\/index.php\/wp-json\/wp\/v2\/media\/8518"}],"wp:attachment":[{"href":"https:\/\/sendanoticiosa.com\/index.php\/wp-json\/wp\/v2\/media?parent=8517"}],"wp:term":[{"taxonomy":"category","embeddable":true,"href":"https:\/\/sendanoticiosa.com\/index.php\/wp-json\/wp\/v2\/categories?post=8517"},{"taxonomy":"post_tag","embeddable":true,"href":"https:\/\/sendanoticiosa.com\/index.php\/wp-json\/wp\/v2\/tags?post=8517"}],"curies":[{"name":"wp","href":"https:\/\/api.w.org\/{rel}","templated":true}]}}