{"id":8526,"date":"2026-09-01T21:17:49","date_gmt":"2026-09-01T19:17:49","guid":{"rendered":"https:\/\/sendanoticiosa.com\/?p=8526"},"modified":"2026-09-01T21:17:50","modified_gmt":"2026-09-01T19:17:50","slug":"tamaulipas-escala-al-segundo-lugar-nacional-en-libros-publicados","status":"publish","type":"post","link":"https:\/\/sendanoticiosa.com\/index.php\/2026\/09\/01\/tamaulipas-escala-al-segundo-lugar-nacional-en-libros-publicados\/","title":{"rendered":"Tamaulipas escala al segundo lugar nacional en libros publicados"},"content":{"rendered":"\n<p class=\"wp-block-paragraph\">Ciudad Victoria, 1 de septiembre.-El estado de Tamaulipas se ubic\u00f3 en el segundo lugar nacional entre los gobiernos estatales con registros claros de producci\u00f3n editorial durante 2025, al reportar 22 libros publicados a trav\u00e9s del Fondo Editorial Tamaulipas.<\/p>\n\n\n\n<p class=\"wp-block-paragraph\">El resultado coloca a la entidad solamente por debajo del Estado de M\u00e9xico, que alcanz\u00f3 alrededor de 65 t\u00edtulos mediante su Consejo Editorial, mientras que Tamaulipas mantuvo una producci\u00f3n editorial superior a la de otros estados incluidos en el comparativo.<\/p>\n\n\n\n<p class=\"wp-block-paragraph\">Los 22 libros fueron publicados por el Fondo Editorial Tamaulipas, programa operado por el Instituto Tamaulipeco para la Cultura y las Artes, que durante el a\u00f1o pasado mantuvo una convocatoria dirigida a autores y creadores de la entidad.<\/p>\n\n\n\n<p class=\"wp-block-paragraph\">La producci\u00f3n editorial estatal incluy\u00f3 diferentes g\u00e9neros literarios, con nueve t\u00edtulos de narrativa, cinco de poes\u00eda, cinco de ensayo y tres de dramaturgia, de acuerdo con el registro correspondiente a 2025.<\/p>\n\n\n\n<p class=\"wp-block-paragraph\">Con esta cifra, Tamaulipas super\u00f3 a entidades como Jalisco, que registr\u00f3 14 publicaciones; Nuevo Le\u00f3n, con 11, y Veracruz, que alcanz\u00f3 ocho t\u00edtulos durante el mismo periodo.<\/p>\n\n\n\n<p class=\"wp-block-paragraph\">El volumen de obras publicadas refleja una actividad sostenida del programa editorial tamaulipeco, particularmente mediante una convocatoria oficial destinada a seleccionar proyectos de escritores y creadores del estado.<\/p>\n\n\n\n<p class=\"wp-block-paragraph\">Adem\u00e1s del n\u00famero de publicaciones, el programa permiti\u00f3 ampliar los espacios para la difusi\u00f3n de autores y obras vinculadas con Tamaulipas, al reunir dentro de una misma estrategia g\u00e9neros como narrativa, poes\u00eda, ensayo y dramaturgia.<\/p>\n\n\n\n<p class=\"wp-block-paragraph\">La posici\u00f3n alcanzada por Tamaulipas durante 2025 lo coloca entre las entidades con mayor producci\u00f3n editorial gubernamental documentada a nivel nacional, con un programa que mantuvo abierta la participaci\u00f3n de creadores y fortaleci\u00f3 la circulaci\u00f3n de literatura producida en el estado.<\/p>\n","protected":false},"excerpt":{"rendered":"<p>Ciudad Victoria, 1 de septiembre.-El estado de Tamaulipas se ubic\u00f3 en el segundo lugar nacional entre los gobiernos estatales con registros claros de producci\u00f3n editorial durante 2025, al reportar 22 libros publicados a trav\u00e9s del Fondo Editorial Tamaulipas. El resultado coloca a la entidad solamente por debajo del Estado de M\u00e9xico, que alcanz\u00f3 alrededor de [&hellip;]<\/p>\n","protected":false},"author":1,"featured_media":8527,"comment_status":"open","ping_status":"open","sticky":false,"template":"","format":"standard","meta":{"inline_featured_image":false,"footnotes":""},"categories":[51],"tags":[],"class_list":["post-8526","post","type-post","status-publish","format-standard","has-post-thumbnail","hentry","category-nacional"],"yoast_head":"<!-- This site is optimized with the Yoast SEO plugin v28.3 - https:\/\/yoast.com\/product\/yoast-seo-wordpress\/ -->\n<title>Tamaulipas escala al segundo lugar nacional en libros publicados - Senda Noticiosa<\/title>\n<meta name=\"robots\" content=\"index, follow, max-snippet:-1, max-image-preview:large, max-video-preview:-1\" \/>\n<link rel=\"canonical\" href=\"https:\/\/sendanoticiosa.com\/index.php\/2026\/09\/01\/tamaulipas-escala-al-segundo-lugar-nacional-en-libros-publicados\/\" \/>\n<meta property=\"og:locale\" content=\"en_US\" \/>\n<meta property=\"og:type\" content=\"article\" \/>\n<meta property=\"og:title\" content=\"Tamaulipas escala al segundo lugar nacional en libros publicados - Senda Noticiosa\" \/>\n<meta property=\"og:description\" content=\"Ciudad Victoria, 1 de septiembre.-El estado de Tamaulipas se ubic\u00f3 en el segundo lugar nacional entre los gobiernos estatales con registros claros de producci\u00f3n editorial durante 2025, al reportar 22 libros publicados a trav\u00e9s del Fondo Editorial Tamaulipas. El resultado coloca a la entidad solamente por debajo del Estado de M\u00e9xico, que alcanz\u00f3 alrededor de [&hellip;]\" \/>\n<meta property=\"og:url\" content=\"https:\/\/sendanoticiosa.com\/index.php\/2026\/09\/01\/tamaulipas-escala-al-segundo-lugar-nacional-en-libros-publicados\/\" \/>\n<meta property=\"og:site_name\" content=\"Senda Noticiosa\" \/>\n<meta property=\"article:published_time\" content=\"2026-09-01T19:17:49+00:00\" \/>\n<meta property=\"article:modified_time\" content=\"2026-09-01T19:17:50+00:00\" \/>\n<meta property=\"og:image\" content=\"https:\/\/sendanoticiosa.com\/wp-content\/uploads\/2026\/09\/libros.jpg\" \/>\n\t<meta property=\"og:image:width\" content=\"750\" \/>\n\t<meta property=\"og:image:height\" content=\"450\" \/>\n\t<meta property=\"og:image:type\" content=\"image\/jpeg\" \/>\n<meta name=\"author\" content=\"sendanoticom\" \/>\n<meta name=\"twitter:card\" content=\"summary_large_image\" \/>\n<meta name=\"twitter:label1\" content=\"Written by\" \/>\n\t<meta name=\"twitter:data1\" content=\"sendanoticom\" \/>\n\t<meta name=\"twitter:label2\" content=\"Est. reading time\" \/>\n\t<meta name=\"twitter:data2\" content=\"2 minutes\" \/>\n<script type=\"application\/ld+json\" class=\"yoast-schema-graph\">{\"@context\":\"https:\\\/\\\/schema.org\",\"@graph\":[{\"@type\":\"Article\",\"@id\":\"https:\\\/\\\/sendanoticiosa.com\\\/index.php\\\/2026\\\/09\\\/01\\\/tamaulipas-escala-al-segundo-lugar-nacional-en-libros-publicados\\\/#article\",\"isPartOf\":{\"@id\":\"https:\\\/\\\/sendanoticiosa.com\\\/index.php\\\/2026\\\/09\\\/01\\\/tamaulipas-escala-al-segundo-lugar-nacional-en-libros-publicados\\\/\"},\"author\":{\"name\":\"sendanoticom\",\"@id\":\"https:\\\/\\\/sendanoticiosa.com\\\/#\\\/schema\\\/person\\\/6a5e18c406e3c548ddb81189cc6ae63d\"},\"headline\":\"Tamaulipas escala al segundo lugar nacional en libros publicados\",\"datePublished\":\"2026-09-01T19:17:49+00:00\",\"dateModified\":\"2026-09-01T19:17:50+00:00\",\"mainEntityOfPage\":{\"@id\":\"https:\\\/\\\/sendanoticiosa.com\\\/index.php\\\/2026\\\/09\\\/01\\\/tamaulipas-escala-al-segundo-lugar-nacional-en-libros-publicados\\\/\"},\"wordCount\":300,\"commentCount\":0,\"image\":{\"@id\":\"https:\\\/\\\/sendanoticiosa.com\\\/index.php\\\/2026\\\/09\\\/01\\\/tamaulipas-escala-al-segundo-lugar-nacional-en-libros-publicados\\\/#primaryimage\"},\"thumbnailUrl\":\"https:\\\/\\\/sendanoticiosa.com\\\/wp-content\\\/uploads\\\/2026\\\/09\\\/libros.jpg\",\"articleSection\":[\"Nacional\"],\"inLanguage\":\"en-US\",\"potentialAction\":[{\"@type\":\"CommentAction\",\"name\":\"Comment\",\"target\":[\"https:\\\/\\\/sendanoticiosa.com\\\/index.php\\\/2026\\\/09\\\/01\\\/tamaulipas-escala-al-segundo-lugar-nacional-en-libros-publicados\\\/#respond\"]}]},{\"@type\":\"WebPage\",\"@id\":\"https:\\\/\\\/sendanoticiosa.com\\\/index.php\\\/2026\\\/09\\\/01\\\/tamaulipas-escala-al-segundo-lugar-nacional-en-libros-publicados\\\/\",\"url\":\"https:\\\/\\\/sendanoticiosa.com\\\/index.php\\\/2026\\\/09\\\/01\\\/tamaulipas-escala-al-segundo-lugar-nacional-en-libros-publicados\\\/\",\"name\":\"Tamaulipas escala al segundo lugar nacional en libros publicados - Senda Noticiosa\",\"isPartOf\":{\"@id\":\"https:\\\/\\\/sendanoticiosa.com\\\/#website\"},\"primaryImageOfPage\":{\"@id\":\"https:\\\/\\\/sendanoticiosa.com\\\/index.php\\\/2026\\\/09\\\/01\\\/tamaulipas-escala-al-segundo-lugar-nacional-en-libros-publicados\\\/#primaryimage\"},\"image\":{\"@id\":\"https:\\\/\\\/sendanoticiosa.com\\\/index.php\\\/2026\\\/09\\\/01\\\/tamaulipas-escala-al-segundo-lugar-nacional-en-libros-publicados\\\/#primaryimage\"},\"thumbnailUrl\":\"https:\\\/\\\/sendanoticiosa.com\\\/wp-content\\\/uploads\\\/2026\\\/09\\\/libros.jpg\",\"datePublished\":\"2026-09-01T19:17:49+00:00\",\"dateModified\":\"2026-09-01T19:17:50+00:00\",\"author\":{\"@id\":\"https:\\\/\\\/sendanoticiosa.com\\\/#\\\/schema\\\/person\\\/6a5e18c406e3c548ddb81189cc6ae63d\"},\"breadcrumb\":{\"@id\":\"https:\\\/\\\/sendanoticiosa.com\\\/index.php\\\/2026\\\/09\\\/01\\\/tamaulipas-escala-al-segundo-lugar-nacional-en-libros-publicados\\\/#breadcrumb\"},\"inLanguage\":\"en-US\",\"potentialAction\":[{\"@type\":\"ReadAction\",\"target\":[\"https:\\\/\\\/sendanoticiosa.com\\\/index.php\\\/2026\\\/09\\\/01\\\/tamaulipas-escala-al-segundo-lugar-nacional-en-libros-publicados\\\/\"]}]},{\"@type\":\"ImageObject\",\"inLanguage\":\"en-US\",\"@id\":\"https:\\\/\\\/sendanoticiosa.com\\\/index.php\\\/2026\\\/09\\\/01\\\/tamaulipas-escala-al-segundo-lugar-nacional-en-libros-publicados\\\/#primaryimage\",\"url\":\"https:\\\/\\\/sendanoticiosa.com\\\/wp-content\\\/uploads\\\/2026\\\/09\\\/libros.jpg\",\"contentUrl\":\"https:\\\/\\\/sendanoticiosa.com\\\/wp-content\\\/uploads\\\/2026\\\/09\\\/libros.jpg\",\"width\":750,\"height\":450},{\"@type\":\"BreadcrumbList\",\"@id\":\"https:\\\/\\\/sendanoticiosa.com\\\/index.php\\\/2026\\\/09\\\/01\\\/tamaulipas-escala-al-segundo-lugar-nacional-en-libros-publicados\\\/#breadcrumb\",\"itemListElement\":[{\"@type\":\"ListItem\",\"position\":1,\"name\":\"Portada\",\"item\":\"https:\\\/\\\/sendanoticiosa.com\\\/\"},{\"@type\":\"ListItem\",\"position\":2,\"name\":\"Tamaulipas escala al segundo lugar nacional en libros publicados\"}]},{\"@type\":\"WebSite\",\"@id\":\"https:\\\/\\\/sendanoticiosa.com\\\/#website\",\"url\":\"https:\\\/\\\/sendanoticiosa.com\\\/\",\"name\":\"Senda Noticiosa\",\"description\":\"\",\"potentialAction\":[{\"@type\":\"SearchAction\",\"target\":{\"@type\":\"EntryPoint\",\"urlTemplate\":\"https:\\\/\\\/sendanoticiosa.com\\\/?s={search_term_string}\"},\"query-input\":{\"@type\":\"PropertyValueSpecification\",\"valueRequired\":true,\"valueName\":\"search_term_string\"}}],\"inLanguage\":\"en-US\"},{\"@type\":\"Person\",\"@id\":\"https:\\\/\\\/sendanoticiosa.com\\\/#\\\/schema\\\/person\\\/6a5e18c406e3c548ddb81189cc6ae63d\",\"name\":\"sendanoticom\",\"image\":{\"@type\":\"ImageObject\",\"inLanguage\":\"en-US\",\"@id\":\"https:\\\/\\\/secure.gravatar.com\\\/avatar\\\/ba34ef5c85a7337be858cab52ef8a3ec8e6226b79910ac1660585e274b4a4314?s=96&d=mm&r=g\",\"url\":\"https:\\\/\\\/secure.gravatar.com\\\/avatar\\\/ba34ef5c85a7337be858cab52ef8a3ec8e6226b79910ac1660585e274b4a4314?s=96&d=mm&r=g\",\"contentUrl\":\"https:\\\/\\\/secure.gravatar.com\\\/avatar\\\/ba34ef5c85a7337be858cab52ef8a3ec8e6226b79910ac1660585e274b4a4314?s=96&d=mm&r=g\",\"caption\":\"sendanoticom\"},\"sameAs\":[\"https:\\\/\\\/sendanoticiosa.com\"],\"url\":\"https:\\\/\\\/sendanoticiosa.com\\\/index.php\\\/author\\\/sendanoticom\\\/\"}]}<\/script>\n<!-- \/ Yoast SEO plugin. -->","yoast_head_json":{"title":"Tamaulipas escala al segundo lugar nacional en libros publicados - Senda Noticiosa","robots":{"index":"index","follow":"follow","max-snippet":"max-snippet:-1","max-image-preview":"max-image-preview:large","max-video-preview":"max-video-preview:-1"},"canonical":"https:\/\/sendanoticiosa.com\/index.php\/2026\/09\/01\/tamaulipas-escala-al-segundo-lugar-nacional-en-libros-publicados\/","og_locale":"en_US","og_type":"article","og_title":"Tamaulipas escala al segundo lugar nacional en libros publicados - Senda Noticiosa","og_description":"Ciudad Victoria, 1 de septiembre.-El estado de Tamaulipas se ubic\u00f3 en el segundo lugar nacional entre los gobiernos estatales con registros claros de producci\u00f3n editorial durante 2025, al reportar 22 libros publicados a trav\u00e9s del Fondo Editorial Tamaulipas. El resultado coloca a la entidad solamente por debajo del Estado de M\u00e9xico, que alcanz\u00f3 alrededor de [&hellip;]","og_url":"https:\/\/sendanoticiosa.com\/index.php\/2026\/09\/01\/tamaulipas-escala-al-segundo-lugar-nacional-en-libros-publicados\/","og_site_name":"Senda Noticiosa","article_published_time":"2026-09-01T19:17:49+00:00","article_modified_time":"2026-09-01T19:17:50+00:00","og_image":[{"width":750,"height":450,"url":"https:\/\/sendanoticiosa.com\/wp-content\/uploads\/2026\/09\/libros.jpg","type":"image\/jpeg"}],"author":"sendanoticom","twitter_card":"summary_large_image","twitter_misc":{"Written by":"sendanoticom","Est. reading time":"2 minutes"},"schema":{"@context":"https:\/\/schema.org","@graph":[{"@type":"Article","@id":"https:\/\/sendanoticiosa.com\/index.php\/2026\/09\/01\/tamaulipas-escala-al-segundo-lugar-nacional-en-libros-publicados\/#article","isPartOf":{"@id":"https:\/\/sendanoticiosa.com\/index.php\/2026\/09\/01\/tamaulipas-escala-al-segundo-lugar-nacional-en-libros-publicados\/"},"author":{"name":"sendanoticom","@id":"https:\/\/sendanoticiosa.com\/#\/schema\/person\/6a5e18c406e3c548ddb81189cc6ae63d"},"headline":"Tamaulipas escala al segundo lugar nacional en libros publicados","datePublished":"2026-09-01T19:17:49+00:00","dateModified":"2026-09-01T19:17:50+00:00","mainEntityOfPage":{"@id":"https:\/\/sendanoticiosa.com\/index.php\/2026\/09\/01\/tamaulipas-escala-al-segundo-lugar-nacional-en-libros-publicados\/"},"wordCount":300,"commentCount":0,"image":{"@id":"https:\/\/sendanoticiosa.com\/index.php\/2026\/09\/01\/tamaulipas-escala-al-segundo-lugar-nacional-en-libros-publicados\/#primaryimage"},"thumbnailUrl":"https:\/\/sendanoticiosa.com\/wp-content\/uploads\/2026\/09\/libros.jpg","articleSection":["Nacional"],"inLanguage":"en-US","potentialAction":[{"@type":"CommentAction","name":"Comment","target":["https:\/\/sendanoticiosa.com\/index.php\/2026\/09\/01\/tamaulipas-escala-al-segundo-lugar-nacional-en-libros-publicados\/#respond"]}]},{"@type":"WebPage","@id":"https:\/\/sendanoticiosa.com\/index.php\/2026\/09\/01\/tamaulipas-escala-al-segundo-lugar-nacional-en-libros-publicados\/","url":"https:\/\/sendanoticiosa.com\/index.php\/2026\/09\/01\/tamaulipas-escala-al-segundo-lugar-nacional-en-libros-publicados\/","name":"Tamaulipas escala al segundo lugar nacional en libros publicados - Senda Noticiosa","isPartOf":{"@id":"https:\/\/sendanoticiosa.com\/#website"},"primaryImageOfPage":{"@id":"https:\/\/sendanoticiosa.com\/index.php\/2026\/09\/01\/tamaulipas-escala-al-segundo-lugar-nacional-en-libros-publicados\/#primaryimage"},"image":{"@id":"https:\/\/sendanoticiosa.com\/index.php\/2026\/09\/01\/tamaulipas-escala-al-segundo-lugar-nacional-en-libros-publicados\/#primaryimage"},"thumbnailUrl":"https:\/\/sendanoticiosa.com\/wp-content\/uploads\/2026\/09\/libros.jpg","datePublished":"2026-09-01T19:17:49+00:00","dateModified":"2026-09-01T19:17:50+00:00","author":{"@id":"https:\/\/sendanoticiosa.com\/#\/schema\/person\/6a5e18c406e3c548ddb81189cc6ae63d"},"breadcrumb":{"@id":"https:\/\/sendanoticiosa.com\/index.php\/2026\/09\/01\/tamaulipas-escala-al-segundo-lugar-nacional-en-libros-publicados\/#breadcrumb"},"inLanguage":"en-US","potentialAction":[{"@type":"ReadAction","target":["https:\/\/sendanoticiosa.com\/index.php\/2026\/09\/01\/tamaulipas-escala-al-segundo-lugar-nacional-en-libros-publicados\/"]}]},{"@type":"ImageObject","inLanguage":"en-US","@id":"https:\/\/sendanoticiosa.com\/index.php\/2026\/09\/01\/tamaulipas-escala-al-segundo-lugar-nacional-en-libros-publicados\/#primaryimage","url":"https:\/\/sendanoticiosa.com\/wp-content\/uploads\/2026\/09\/libros.jpg","contentUrl":"https:\/\/sendanoticiosa.com\/wp-content\/uploads\/2026\/09\/libros.jpg","width":750,"height":450},{"@type":"BreadcrumbList","@id":"https:\/\/sendanoticiosa.com\/index.php\/2026\/09\/01\/tamaulipas-escala-al-segundo-lugar-nacional-en-libros-publicados\/#breadcrumb","itemListElement":[{"@type":"ListItem","position":1,"name":"Portada","item":"https:\/\/sendanoticiosa.com\/"},{"@type":"ListItem","position":2,"name":"Tamaulipas escala al segundo lugar nacional en libros publicados"}]},{"@type":"WebSite","@id":"https:\/\/sendanoticiosa.com\/#website","url":"https:\/\/sendanoticiosa.com\/","name":"Senda Noticiosa","description":"","potentialAction":[{"@type":"SearchAction","target":{"@type":"EntryPoint","urlTemplate":"https:\/\/sendanoticiosa.com\/?s={search_term_string}"},"query-input":{"@type":"PropertyValueSpecification","valueRequired":true,"valueName":"search_term_string"}}],"inLanguage":"en-US"},{"@type":"Person","@id":"https:\/\/sendanoticiosa.com\/#\/schema\/person\/6a5e18c406e3c548ddb81189cc6ae63d","name":"sendanoticom","image":{"@type":"ImageObject","inLanguage":"en-US","@id":"https:\/\/secure.gravatar.com\/avatar\/ba34ef5c85a7337be858cab52ef8a3ec8e6226b79910ac1660585e274b4a4314?s=96&d=mm&r=g","url":"https:\/\/secure.gravatar.com\/avatar\/ba34ef5c85a7337be858cab52ef8a3ec8e6226b79910ac1660585e274b4a4314?s=96&d=mm&r=g","contentUrl":"https:\/\/secure.gravatar.com\/avatar\/ba34ef5c85a7337be858cab52ef8a3ec8e6226b79910ac1660585e274b4a4314?s=96&d=mm&r=g","caption":"sendanoticom"},"sameAs":["https:\/\/sendanoticiosa.com"],"url":"https:\/\/sendanoticiosa.com\/index.php\/author\/sendanoticom\/"}]}},"_links":{"self":[{"href":"https:\/\/sendanoticiosa.com\/index.php\/wp-json\/wp\/v2\/posts\/8526","targetHints":{"allow":["GET"]}}],"collection":[{"href":"https:\/\/sendanoticiosa.com\/index.php\/wp-json\/wp\/v2\/posts"}],"about":[{"href":"https:\/\/sendanoticiosa.com\/index.php\/wp-json\/wp\/v2\/types\/post"}],"author":[{"embeddable":true,"href":"https:\/\/sendanoticiosa.com\/index.php\/wp-json\/wp\/v2\/users\/1"}],"replies":[{"embeddable":true,"href":"https:\/\/sendanoticiosa.com\/index.php\/wp-json\/wp\/v2\/comments?post=8526"}],"version-history":[{"count":1,"href":"https:\/\/sendanoticiosa.com\/index.php\/wp-json\/wp\/v2\/posts\/8526\/revisions"}],"predecessor-version":[{"id":8528,"href":"https:\/\/sendanoticiosa.com\/index.php\/wp-json\/wp\/v2\/posts\/8526\/revisions\/8528"}],"wp:featuredmedia":[{"embeddable":true,"href":"https:\/\/sendanoticiosa.com\/index.php\/wp-json\/wp\/v2\/media\/8527"}],"wp:attachment":[{"href":"https:\/\/sendanoticiosa.com\/index.php\/wp-json\/wp\/v2\/media?parent=8526"}],"wp:term":[{"taxonomy":"category","embeddable":true,"href":"https:\/\/sendanoticiosa.com\/index.php\/wp-json\/wp\/v2\/categories?post=8526"},{"taxonomy":"post_tag","embeddable":true,"href":"https:\/\/sendanoticiosa.com\/index.php\/wp-json\/wp\/v2\/tags?post=8526"}],"curies":[{"name":"wp","href":"https:\/\/api.w.org\/{rel}","templated":true}]}}