{"id":8529,"date":"2026-09-02T06:58:48","date_gmt":"2026-09-02T04:58:48","guid":{"rendered":"https:\/\/sendanoticiosa.com\/index.php\/2026\/09\/02\/alerta-en-cruz-azul-willer-ditta-es-objetivo-prioridad-de-river-plate-los-detalles\/"},"modified":"2026-09-02T06:58:48","modified_gmt":"2026-09-02T04:58:48","slug":"alerta-en-cruz-azul-willer-ditta-es-objetivo-prioridad-de-river-plate-los-detalles","status":"publish","type":"post","link":"https:\/\/sendanoticiosa.com\/index.php\/2026\/09\/02\/alerta-en-cruz-azul-willer-ditta-es-objetivo-prioridad-de-river-plate-los-detalles\/","title":{"rendered":"Alerta en Cruz Azul: Willer Ditta es objetivo prioridad de River Plate; los detalles"},"content":{"rendered":"<p>Mostrar comentarios 0 Alerta en Cruz Azul: Willer Ditta es objetivo prioridad de River Plate; los detalles Joel Huiqui acepta que a Cruz Azul le cost\u00f3 regresar al triunfo: &#8220;Es el camino&#8221; Youtube \u00bfCu\u00e1nto ofrece River Plate para comprar a Willer Ditta de Cruz Azul? Nombre : Willer Emilio Ditta P\u00e9rez : Willer Emilio Ditta P\u00e9rez Fecha de nacimiento: 23 de enero de 1998 (28 a\u00f1os) 23 de enero de 1998 (28 a\u00f1os) Lugar de nacimiento : La Jagua de Ibirico : La Jagua de Ibirico Nacionalidad : Colombiano : Colombiano Posici\u00f3n : Defensa central : Defensa central Altura :&#8230;<\/p>\n<p>Fuente: <a href=\"https:\/\/www.marca.com\/mx\/futbol\/liga-mx\/2026\/09\/01\/alerta-cruz-azul-willer-ditta-objetivo-prioridad-river-plate-detalles.html\" target=\"_blank\" rel=\"nofollow noopener\">https:\/\/www.marca.com\/mx\/futbol\/liga-mx\/2026\/09\/01\/alerta-cruz-azul-willer-ditta-objetivo-prioridad-river-plate-detalles.html<\/a><\/p>\n","protected":false},"excerpt":{"rendered":"<p>Mostrar comentarios 0 Alerta en Cruz Azul: Willer Ditta es objetivo prioridad de River Plate; los detalles Joel Huiqui acepta que a Cruz Azul le cost\u00f3 regresar al triunfo: &#8220;Es el camino&#8221; Youtube \u00bfCu\u00e1nto ofrece River Plate para comprar a Willer Ditta de Cruz Azul? Nombre : Willer Emilio Ditta P\u00e9rez : Willer Emilio Ditta [&hellip;]<\/p>\n","protected":false},"author":0,"featured_media":8530,"comment_status":"open","ping_status":"open","sticky":false,"template":"","format":"standard","meta":{"inline_featured_image":false,"footnotes":""},"categories":[62],"tags":[],"class_list":["post-8529","post","type-post","status-publish","format-standard","has-post-thumbnail","hentry","category-deportes"],"yoast_head":"<!-- This site is optimized with the Yoast SEO plugin v28.3 - https:\/\/yoast.com\/product\/yoast-seo-wordpress\/ -->\n<title>Alerta en Cruz Azul: Willer Ditta es objetivo prioridad de River Plate; los detalles - Senda Noticiosa<\/title>\n<meta name=\"robots\" content=\"index, follow, max-snippet:-1, max-image-preview:large, max-video-preview:-1\" \/>\n<link rel=\"canonical\" href=\"https:\/\/sendanoticiosa.com\/index.php\/2026\/09\/02\/alerta-en-cruz-azul-willer-ditta-es-objetivo-prioridad-de-river-plate-los-detalles\/\" \/>\n<meta property=\"og:locale\" content=\"en_US\" \/>\n<meta property=\"og:type\" content=\"article\" \/>\n<meta property=\"og:title\" content=\"Alerta en Cruz Azul: Willer Ditta es objetivo prioridad de River Plate; los detalles - Senda Noticiosa\" \/>\n<meta property=\"og:description\" content=\"Mostrar comentarios 0 Alerta en Cruz Azul: Willer Ditta es objetivo prioridad de River Plate; los detalles Joel Huiqui acepta que a Cruz Azul le cost\u00f3 regresar al triunfo: &#8220;Es el camino&#8221; Youtube \u00bfCu\u00e1nto ofrece River Plate para comprar a Willer Ditta de Cruz Azul? Nombre : Willer Emilio Ditta P\u00e9rez : Willer Emilio Ditta [&hellip;]\" \/>\n<meta property=\"og:url\" content=\"https:\/\/sendanoticiosa.com\/index.php\/2026\/09\/02\/alerta-en-cruz-azul-willer-ditta-es-objetivo-prioridad-de-river-plate-los-detalles\/\" \/>\n<meta property=\"og:site_name\" content=\"Senda Noticiosa\" \/>\n<meta property=\"article:published_time\" content=\"2026-09-02T04:58:48+00:00\" \/>\n<meta name=\"twitter:card\" content=\"summary_large_image\" \/>\n<meta name=\"twitter:label1\" content=\"Est. reading time\" \/>\n\t<meta name=\"twitter:data1\" content=\"1 minute\" \/>\n<script type=\"application\/ld+json\" class=\"yoast-schema-graph\">{\"@context\":\"https:\\\/\\\/schema.org\",\"@graph\":[{\"@type\":\"Article\",\"@id\":\"https:\\\/\\\/sendanoticiosa.com\\\/index.php\\\/2026\\\/09\\\/02\\\/alerta-en-cruz-azul-willer-ditta-es-objetivo-prioridad-de-river-plate-los-detalles\\\/#article\",\"isPartOf\":{\"@id\":\"https:\\\/\\\/sendanoticiosa.com\\\/index.php\\\/2026\\\/09\\\/02\\\/alerta-en-cruz-azul-willer-ditta-es-objetivo-prioridad-de-river-plate-los-detalles\\\/\"},\"author\":{\"name\":\"\",\"@id\":\"\"},\"headline\":\"Alerta en Cruz Azul: Willer Ditta es objetivo prioridad de River Plate; los detalles\",\"datePublished\":\"2026-09-02T04:58:48+00:00\",\"mainEntityOfPage\":{\"@id\":\"https:\\\/\\\/sendanoticiosa.com\\\/index.php\\\/2026\\\/09\\\/02\\\/alerta-en-cruz-azul-willer-ditta-es-objetivo-prioridad-de-river-plate-los-detalles\\\/\"},\"wordCount\":114,\"commentCount\":0,\"image\":{\"@id\":\"https:\\\/\\\/sendanoticiosa.com\\\/index.php\\\/2026\\\/09\\\/02\\\/alerta-en-cruz-azul-willer-ditta-es-objetivo-prioridad-de-river-plate-los-detalles\\\/#primaryimage\"},\"thumbnailUrl\":\"https:\\\/\\\/sendanoticiosa.com\\\/wp-content\\\/uploads\\\/2026\\\/09\\\/6a963c883f26b.jpeg\",\"articleSection\":[\"Deportes\"],\"inLanguage\":\"en-US\",\"potentialAction\":[{\"@type\":\"CommentAction\",\"name\":\"Comment\",\"target\":[\"https:\\\/\\\/sendanoticiosa.com\\\/index.php\\\/2026\\\/09\\\/02\\\/alerta-en-cruz-azul-willer-ditta-es-objetivo-prioridad-de-river-plate-los-detalles\\\/#respond\"]}]},{\"@type\":\"WebPage\",\"@id\":\"https:\\\/\\\/sendanoticiosa.com\\\/index.php\\\/2026\\\/09\\\/02\\\/alerta-en-cruz-azul-willer-ditta-es-objetivo-prioridad-de-river-plate-los-detalles\\\/\",\"url\":\"https:\\\/\\\/sendanoticiosa.com\\\/index.php\\\/2026\\\/09\\\/02\\\/alerta-en-cruz-azul-willer-ditta-es-objetivo-prioridad-de-river-plate-los-detalles\\\/\",\"name\":\"Alerta en Cruz Azul: Willer Ditta es objetivo prioridad de River Plate; los detalles - Senda Noticiosa\",\"isPartOf\":{\"@id\":\"https:\\\/\\\/sendanoticiosa.com\\\/#website\"},\"primaryImageOfPage\":{\"@id\":\"https:\\\/\\\/sendanoticiosa.com\\\/index.php\\\/2026\\\/09\\\/02\\\/alerta-en-cruz-azul-willer-ditta-es-objetivo-prioridad-de-river-plate-los-detalles\\\/#primaryimage\"},\"image\":{\"@id\":\"https:\\\/\\\/sendanoticiosa.com\\\/index.php\\\/2026\\\/09\\\/02\\\/alerta-en-cruz-azul-willer-ditta-es-objetivo-prioridad-de-river-plate-los-detalles\\\/#primaryimage\"},\"thumbnailUrl\":\"https:\\\/\\\/sendanoticiosa.com\\\/wp-content\\\/uploads\\\/2026\\\/09\\\/6a963c883f26b.jpeg\",\"datePublished\":\"2026-09-02T04:58:48+00:00\",\"author\":{\"@id\":\"\"},\"breadcrumb\":{\"@id\":\"https:\\\/\\\/sendanoticiosa.com\\\/index.php\\\/2026\\\/09\\\/02\\\/alerta-en-cruz-azul-willer-ditta-es-objetivo-prioridad-de-river-plate-los-detalles\\\/#breadcrumb\"},\"inLanguage\":\"en-US\",\"potentialAction\":[{\"@type\":\"ReadAction\",\"target\":[\"https:\\\/\\\/sendanoticiosa.com\\\/index.php\\\/2026\\\/09\\\/02\\\/alerta-en-cruz-azul-willer-ditta-es-objetivo-prioridad-de-river-plate-los-detalles\\\/\"]}]},{\"@type\":\"ImageObject\",\"inLanguage\":\"en-US\",\"@id\":\"https:\\\/\\\/sendanoticiosa.com\\\/index.php\\\/2026\\\/09\\\/02\\\/alerta-en-cruz-azul-willer-ditta-es-objetivo-prioridad-de-river-plate-los-detalles\\\/#primaryimage\",\"url\":\"https:\\\/\\\/sendanoticiosa.com\\\/wp-content\\\/uploads\\\/2026\\\/09\\\/6a963c883f26b.jpeg\",\"contentUrl\":\"https:\\\/\\\/sendanoticiosa.com\\\/wp-content\\\/uploads\\\/2026\\\/09\\\/6a963c883f26b.jpeg\",\"width\":1200,\"height\":675,\"caption\":\"Alerta en Cruz Azul: Willer Ditta es objetivo prioridad de River Plate; los detalles\"},{\"@type\":\"BreadcrumbList\",\"@id\":\"https:\\\/\\\/sendanoticiosa.com\\\/index.php\\\/2026\\\/09\\\/02\\\/alerta-en-cruz-azul-willer-ditta-es-objetivo-prioridad-de-river-plate-los-detalles\\\/#breadcrumb\",\"itemListElement\":[{\"@type\":\"ListItem\",\"position\":1,\"name\":\"Portada\",\"item\":\"https:\\\/\\\/sendanoticiosa.com\\\/\"},{\"@type\":\"ListItem\",\"position\":2,\"name\":\"Alerta en Cruz Azul: Willer Ditta es objetivo prioridad de River Plate; los detalles\"}]},{\"@type\":\"WebSite\",\"@id\":\"https:\\\/\\\/sendanoticiosa.com\\\/#website\",\"url\":\"https:\\\/\\\/sendanoticiosa.com\\\/\",\"name\":\"Senda Noticiosa\",\"description\":\"\",\"potentialAction\":[{\"@type\":\"SearchAction\",\"target\":{\"@type\":\"EntryPoint\",\"urlTemplate\":\"https:\\\/\\\/sendanoticiosa.com\\\/?s={search_term_string}\"},\"query-input\":{\"@type\":\"PropertyValueSpecification\",\"valueRequired\":true,\"valueName\":\"search_term_string\"}}],\"inLanguage\":\"en-US\"}]}<\/script>\n<!-- \/ Yoast SEO plugin. -->","yoast_head_json":{"title":"Alerta en Cruz Azul: Willer Ditta es objetivo prioridad de River Plate; los detalles - Senda Noticiosa","robots":{"index":"index","follow":"follow","max-snippet":"max-snippet:-1","max-image-preview":"max-image-preview:large","max-video-preview":"max-video-preview:-1"},"canonical":"https:\/\/sendanoticiosa.com\/index.php\/2026\/09\/02\/alerta-en-cruz-azul-willer-ditta-es-objetivo-prioridad-de-river-plate-los-detalles\/","og_locale":"en_US","og_type":"article","og_title":"Alerta en Cruz Azul: Willer Ditta es objetivo prioridad de River Plate; los detalles - Senda Noticiosa","og_description":"Mostrar comentarios 0 Alerta en Cruz Azul: Willer Ditta es objetivo prioridad de River Plate; los detalles Joel Huiqui acepta que a Cruz Azul le cost\u00f3 regresar al triunfo: &#8220;Es el camino&#8221; Youtube \u00bfCu\u00e1nto ofrece River Plate para comprar a Willer Ditta de Cruz Azul? Nombre : Willer Emilio Ditta P\u00e9rez : Willer Emilio Ditta [&hellip;]","og_url":"https:\/\/sendanoticiosa.com\/index.php\/2026\/09\/02\/alerta-en-cruz-azul-willer-ditta-es-objetivo-prioridad-de-river-plate-los-detalles\/","og_site_name":"Senda Noticiosa","article_published_time":"2026-09-02T04:58:48+00:00","twitter_card":"summary_large_image","twitter_misc":{"Est. reading time":"1 minute"},"schema":{"@context":"https:\/\/schema.org","@graph":[{"@type":"Article","@id":"https:\/\/sendanoticiosa.com\/index.php\/2026\/09\/02\/alerta-en-cruz-azul-willer-ditta-es-objetivo-prioridad-de-river-plate-los-detalles\/#article","isPartOf":{"@id":"https:\/\/sendanoticiosa.com\/index.php\/2026\/09\/02\/alerta-en-cruz-azul-willer-ditta-es-objetivo-prioridad-de-river-plate-los-detalles\/"},"author":{"name":"","@id":""},"headline":"Alerta en Cruz Azul: Willer Ditta es objetivo prioridad de River Plate; los detalles","datePublished":"2026-09-02T04:58:48+00:00","mainEntityOfPage":{"@id":"https:\/\/sendanoticiosa.com\/index.php\/2026\/09\/02\/alerta-en-cruz-azul-willer-ditta-es-objetivo-prioridad-de-river-plate-los-detalles\/"},"wordCount":114,"commentCount":0,"image":{"@id":"https:\/\/sendanoticiosa.com\/index.php\/2026\/09\/02\/alerta-en-cruz-azul-willer-ditta-es-objetivo-prioridad-de-river-plate-los-detalles\/#primaryimage"},"thumbnailUrl":"https:\/\/sendanoticiosa.com\/wp-content\/uploads\/2026\/09\/6a963c883f26b.jpeg","articleSection":["Deportes"],"inLanguage":"en-US","potentialAction":[{"@type":"CommentAction","name":"Comment","target":["https:\/\/sendanoticiosa.com\/index.php\/2026\/09\/02\/alerta-en-cruz-azul-willer-ditta-es-objetivo-prioridad-de-river-plate-los-detalles\/#respond"]}]},{"@type":"WebPage","@id":"https:\/\/sendanoticiosa.com\/index.php\/2026\/09\/02\/alerta-en-cruz-azul-willer-ditta-es-objetivo-prioridad-de-river-plate-los-detalles\/","url":"https:\/\/sendanoticiosa.com\/index.php\/2026\/09\/02\/alerta-en-cruz-azul-willer-ditta-es-objetivo-prioridad-de-river-plate-los-detalles\/","name":"Alerta en Cruz Azul: Willer Ditta es objetivo prioridad de River Plate; los detalles - Senda Noticiosa","isPartOf":{"@id":"https:\/\/sendanoticiosa.com\/#website"},"primaryImageOfPage":{"@id":"https:\/\/sendanoticiosa.com\/index.php\/2026\/09\/02\/alerta-en-cruz-azul-willer-ditta-es-objetivo-prioridad-de-river-plate-los-detalles\/#primaryimage"},"image":{"@id":"https:\/\/sendanoticiosa.com\/index.php\/2026\/09\/02\/alerta-en-cruz-azul-willer-ditta-es-objetivo-prioridad-de-river-plate-los-detalles\/#primaryimage"},"thumbnailUrl":"https:\/\/sendanoticiosa.com\/wp-content\/uploads\/2026\/09\/6a963c883f26b.jpeg","datePublished":"2026-09-02T04:58:48+00:00","author":{"@id":""},"breadcrumb":{"@id":"https:\/\/sendanoticiosa.com\/index.php\/2026\/09\/02\/alerta-en-cruz-azul-willer-ditta-es-objetivo-prioridad-de-river-plate-los-detalles\/#breadcrumb"},"inLanguage":"en-US","potentialAction":[{"@type":"ReadAction","target":["https:\/\/sendanoticiosa.com\/index.php\/2026\/09\/02\/alerta-en-cruz-azul-willer-ditta-es-objetivo-prioridad-de-river-plate-los-detalles\/"]}]},{"@type":"ImageObject","inLanguage":"en-US","@id":"https:\/\/sendanoticiosa.com\/index.php\/2026\/09\/02\/alerta-en-cruz-azul-willer-ditta-es-objetivo-prioridad-de-river-plate-los-detalles\/#primaryimage","url":"https:\/\/sendanoticiosa.com\/wp-content\/uploads\/2026\/09\/6a963c883f26b.jpeg","contentUrl":"https:\/\/sendanoticiosa.com\/wp-content\/uploads\/2026\/09\/6a963c883f26b.jpeg","width":1200,"height":675,"caption":"Alerta en Cruz Azul: Willer Ditta es objetivo prioridad de River Plate; los detalles"},{"@type":"BreadcrumbList","@id":"https:\/\/sendanoticiosa.com\/index.php\/2026\/09\/02\/alerta-en-cruz-azul-willer-ditta-es-objetivo-prioridad-de-river-plate-los-detalles\/#breadcrumb","itemListElement":[{"@type":"ListItem","position":1,"name":"Portada","item":"https:\/\/sendanoticiosa.com\/"},{"@type":"ListItem","position":2,"name":"Alerta en Cruz Azul: Willer Ditta es objetivo prioridad de River Plate; los detalles"}]},{"@type":"WebSite","@id":"https:\/\/sendanoticiosa.com\/#website","url":"https:\/\/sendanoticiosa.com\/","name":"Senda Noticiosa","description":"","potentialAction":[{"@type":"SearchAction","target":{"@type":"EntryPoint","urlTemplate":"https:\/\/sendanoticiosa.com\/?s={search_term_string}"},"query-input":{"@type":"PropertyValueSpecification","valueRequired":true,"valueName":"search_term_string"}}],"inLanguage":"en-US"}]}},"_links":{"self":[{"href":"https:\/\/sendanoticiosa.com\/index.php\/wp-json\/wp\/v2\/posts\/8529","targetHints":{"allow":["GET"]}}],"collection":[{"href":"https:\/\/sendanoticiosa.com\/index.php\/wp-json\/wp\/v2\/posts"}],"about":[{"href":"https:\/\/sendanoticiosa.com\/index.php\/wp-json\/wp\/v2\/types\/post"}],"replies":[{"embeddable":true,"href":"https:\/\/sendanoticiosa.com\/index.php\/wp-json\/wp\/v2\/comments?post=8529"}],"version-history":[{"count":0,"href":"https:\/\/sendanoticiosa.com\/index.php\/wp-json\/wp\/v2\/posts\/8529\/revisions"}],"wp:featuredmedia":[{"embeddable":true,"href":"https:\/\/sendanoticiosa.com\/index.php\/wp-json\/wp\/v2\/media\/8530"}],"wp:attachment":[{"href":"https:\/\/sendanoticiosa.com\/index.php\/wp-json\/wp\/v2\/media?parent=8529"}],"wp:term":[{"taxonomy":"category","embeddable":true,"href":"https:\/\/sendanoticiosa.com\/index.php\/wp-json\/wp\/v2\/categories?post=8529"},{"taxonomy":"post_tag","embeddable":true,"href":"https:\/\/sendanoticiosa.com\/index.php\/wp-json\/wp\/v2\/tags?post=8529"}],"curies":[{"name":"wp","href":"https:\/\/api.w.org\/{rel}","templated":true}]}}