{"id":8534,"date":"2026-09-03T06:57:41","date_gmt":"2026-09-03T04:57:41","guid":{"rendered":"https:\/\/sendanoticiosa.com\/index.php\/2026\/09\/03\/gabriel-milito-no-ha-convocado-a-un-jugador-y-vive-una-pesadilla-en-verde-valle-casa-de-entrenamiento-de-chivas\/"},"modified":"2026-09-03T06:57:41","modified_gmt":"2026-09-03T04:57:41","slug":"gabriel-milito-no-ha-convocado-a-un-jugador-y-vive-una-pesadilla-en-verde-valle-casa-de-entrenamiento-de-chivas","status":"publish","type":"post","link":"https:\/\/sendanoticiosa.com\/index.php\/2026\/09\/03\/gabriel-milito-no-ha-convocado-a-un-jugador-y-vive-una-pesadilla-en-verde-valle-casa-de-entrenamiento-de-chivas\/","title":{"rendered":"Gabriel Milito no ha convocado a un jugador y vive una pesadilla en Verde Valle, casa de entrenamiento de Chivas"},"content":{"rendered":"<p>Mostrar comentarios 0 Con la salida de la Hormiga, Chivas tiene un gran vac\u00edo en la delantera. Si bien sus \u00faltimos partidos con el Reba\u00f1o no fueron los mejores y atravesaba una sequ\u00eda goleadora, no se puede olvidar que fue un elemento importante al marcar 24 goles durante la \u00faltima temporada. Ahora, el problema para el conjunto rojiblanco es la falta de profundidad en esa posici\u00f3n, pues, aunque cuenta con Ricardo Mar\u00edn y \u00c1ngel Sep\u00falveda, parece que las opciones no son suficientes para afrontar todo lo que resta del torneo. Vladimir Moragrega, borrado en el Tapat\u00edo y en Chivas Con&#8230;<\/p>\n<p>Fuente: <a href=\"https:\/\/www.marca.com\/mx\/futbol\/liga-mx\/2026\/09\/02\/gabriel-milito-convocado-jugador-vive-pesadilla-verde-valle-casa-entrenamiento-chivas.html\" target=\"_blank\" rel=\"nofollow noopener\">https:\/\/www.marca.com\/mx\/futbol\/liga-mx\/2026\/09\/02\/gabriel-milito-convocado-jugador-vive-pesadilla-verde-valle-casa-entrenamiento-chivas.html<\/a><\/p>\n","protected":false},"excerpt":{"rendered":"<p>Mostrar comentarios 0 Con la salida de la Hormiga, Chivas tiene un gran vac\u00edo en la delantera. Si bien sus \u00faltimos partidos con el Reba\u00f1o no fueron los mejores y atravesaba una sequ\u00eda goleadora, no se puede olvidar que fue un elemento importante al marcar 24 goles durante la \u00faltima temporada. Ahora, el problema para [&hellip;]<\/p>\n","protected":false},"author":0,"featured_media":8535,"comment_status":"open","ping_status":"open","sticky":false,"template":"","format":"standard","meta":{"inline_featured_image":false,"footnotes":""},"categories":[62],"tags":[],"class_list":["post-8534","post","type-post","status-publish","format-standard","has-post-thumbnail","hentry","category-deportes"],"yoast_head":"<!-- This site is optimized with the Yoast SEO plugin v28.4 - https:\/\/yoast.com\/product\/yoast-seo-wordpress\/ -->\n<title>Gabriel Milito no ha convocado a un jugador y vive una pesadilla en Verde Valle, casa de entrenamiento de Chivas - Senda Noticiosa<\/title>\n<meta name=\"robots\" content=\"index, follow, max-snippet:-1, max-image-preview:large, max-video-preview:-1\" \/>\n<link rel=\"canonical\" href=\"https:\/\/sendanoticiosa.com\/index.php\/2026\/09\/03\/gabriel-milito-no-ha-convocado-a-un-jugador-y-vive-una-pesadilla-en-verde-valle-casa-de-entrenamiento-de-chivas\/\" \/>\n<meta property=\"og:locale\" content=\"en_US\" \/>\n<meta property=\"og:type\" content=\"article\" \/>\n<meta property=\"og:title\" content=\"Gabriel Milito no ha convocado a un jugador y vive una pesadilla en Verde Valle, casa de entrenamiento de Chivas - Senda Noticiosa\" \/>\n<meta property=\"og:description\" content=\"Mostrar comentarios 0 Con la salida de la Hormiga, Chivas tiene un gran vac\u00edo en la delantera. Si bien sus \u00faltimos partidos con el Reba\u00f1o no fueron los mejores y atravesaba una sequ\u00eda goleadora, no se puede olvidar que fue un elemento importante al marcar 24 goles durante la \u00faltima temporada. Ahora, el problema para [&hellip;]\" \/>\n<meta property=\"og:url\" content=\"https:\/\/sendanoticiosa.com\/index.php\/2026\/09\/03\/gabriel-milito-no-ha-convocado-a-un-jugador-y-vive-una-pesadilla-en-verde-valle-casa-de-entrenamiento-de-chivas\/\" \/>\n<meta property=\"og:site_name\" content=\"Senda Noticiosa\" \/>\n<meta property=\"article:published_time\" content=\"2026-09-03T04:57:41+00:00\" \/>\n<meta name=\"twitter:card\" content=\"summary_large_image\" \/>\n<meta name=\"twitter:label1\" content=\"Est. reading time\" \/>\n\t<meta name=\"twitter:data1\" content=\"1 minute\" \/>\n<script type=\"application\/ld+json\" class=\"yoast-schema-graph\">{\"@context\":\"https:\\\/\\\/schema.org\",\"@graph\":[{\"@type\":\"Article\",\"@id\":\"https:\\\/\\\/sendanoticiosa.com\\\/index.php\\\/2026\\\/09\\\/03\\\/gabriel-milito-no-ha-convocado-a-un-jugador-y-vive-una-pesadilla-en-verde-valle-casa-de-entrenamiento-de-chivas\\\/#article\",\"isPartOf\":{\"@id\":\"https:\\\/\\\/sendanoticiosa.com\\\/index.php\\\/2026\\\/09\\\/03\\\/gabriel-milito-no-ha-convocado-a-un-jugador-y-vive-una-pesadilla-en-verde-valle-casa-de-entrenamiento-de-chivas\\\/\"},\"author\":{\"name\":\"\",\"@id\":\"\"},\"headline\":\"Gabriel Milito no ha convocado a un jugador y vive una pesadilla en Verde Valle, casa de entrenamiento de Chivas\",\"datePublished\":\"2026-09-03T04:57:41+00:00\",\"mainEntityOfPage\":{\"@id\":\"https:\\\/\\\/sendanoticiosa.com\\\/index.php\\\/2026\\\/09\\\/03\\\/gabriel-milito-no-ha-convocado-a-un-jugador-y-vive-una-pesadilla-en-verde-valle-casa-de-entrenamiento-de-chivas\\\/\"},\"wordCount\":135,\"commentCount\":0,\"image\":{\"@id\":\"https:\\\/\\\/sendanoticiosa.com\\\/index.php\\\/2026\\\/09\\\/03\\\/gabriel-milito-no-ha-convocado-a-un-jugador-y-vive-una-pesadilla-en-verde-valle-casa-de-entrenamiento-de-chivas\\\/#primaryimage\"},\"thumbnailUrl\":\"https:\\\/\\\/sendanoticiosa.com\\\/wp-content\\\/uploads\\\/2026\\\/09\\\/6a97a76351598.jpeg\",\"articleSection\":[\"Deportes\"],\"inLanguage\":\"en-US\",\"potentialAction\":[{\"@type\":\"CommentAction\",\"name\":\"Comment\",\"target\":[\"https:\\\/\\\/sendanoticiosa.com\\\/index.php\\\/2026\\\/09\\\/03\\\/gabriel-milito-no-ha-convocado-a-un-jugador-y-vive-una-pesadilla-en-verde-valle-casa-de-entrenamiento-de-chivas\\\/#respond\"]}]},{\"@type\":\"WebPage\",\"@id\":\"https:\\\/\\\/sendanoticiosa.com\\\/index.php\\\/2026\\\/09\\\/03\\\/gabriel-milito-no-ha-convocado-a-un-jugador-y-vive-una-pesadilla-en-verde-valle-casa-de-entrenamiento-de-chivas\\\/\",\"url\":\"https:\\\/\\\/sendanoticiosa.com\\\/index.php\\\/2026\\\/09\\\/03\\\/gabriel-milito-no-ha-convocado-a-un-jugador-y-vive-una-pesadilla-en-verde-valle-casa-de-entrenamiento-de-chivas\\\/\",\"name\":\"Gabriel Milito no ha convocado a un jugador y vive una pesadilla en Verde Valle, casa de entrenamiento de Chivas - Senda Noticiosa\",\"isPartOf\":{\"@id\":\"https:\\\/\\\/sendanoticiosa.com\\\/#website\"},\"primaryImageOfPage\":{\"@id\":\"https:\\\/\\\/sendanoticiosa.com\\\/index.php\\\/2026\\\/09\\\/03\\\/gabriel-milito-no-ha-convocado-a-un-jugador-y-vive-una-pesadilla-en-verde-valle-casa-de-entrenamiento-de-chivas\\\/#primaryimage\"},\"image\":{\"@id\":\"https:\\\/\\\/sendanoticiosa.com\\\/index.php\\\/2026\\\/09\\\/03\\\/gabriel-milito-no-ha-convocado-a-un-jugador-y-vive-una-pesadilla-en-verde-valle-casa-de-entrenamiento-de-chivas\\\/#primaryimage\"},\"thumbnailUrl\":\"https:\\\/\\\/sendanoticiosa.com\\\/wp-content\\\/uploads\\\/2026\\\/09\\\/6a97a76351598.jpeg\",\"datePublished\":\"2026-09-03T04:57:41+00:00\",\"author\":{\"@id\":\"\"},\"breadcrumb\":{\"@id\":\"https:\\\/\\\/sendanoticiosa.com\\\/index.php\\\/2026\\\/09\\\/03\\\/gabriel-milito-no-ha-convocado-a-un-jugador-y-vive-una-pesadilla-en-verde-valle-casa-de-entrenamiento-de-chivas\\\/#breadcrumb\"},\"inLanguage\":\"en-US\",\"potentialAction\":[{\"@type\":\"ReadAction\",\"target\":[\"https:\\\/\\\/sendanoticiosa.com\\\/index.php\\\/2026\\\/09\\\/03\\\/gabriel-milito-no-ha-convocado-a-un-jugador-y-vive-una-pesadilla-en-verde-valle-casa-de-entrenamiento-de-chivas\\\/\"]}]},{\"@type\":\"ImageObject\",\"inLanguage\":\"en-US\",\"@id\":\"https:\\\/\\\/sendanoticiosa.com\\\/index.php\\\/2026\\\/09\\\/03\\\/gabriel-milito-no-ha-convocado-a-un-jugador-y-vive-una-pesadilla-en-verde-valle-casa-de-entrenamiento-de-chivas\\\/#primaryimage\",\"url\":\"https:\\\/\\\/sendanoticiosa.com\\\/wp-content\\\/uploads\\\/2026\\\/09\\\/6a97a76351598.jpeg\",\"contentUrl\":\"https:\\\/\\\/sendanoticiosa.com\\\/wp-content\\\/uploads\\\/2026\\\/09\\\/6a97a76351598.jpeg\",\"width\":1200,\"height\":675,\"caption\":\"Gabriel Milito no ha convocado a un jugador y vive una pesadilla en Verde Valle, casa de entrenamiento de Chivas\"},{\"@type\":\"BreadcrumbList\",\"@id\":\"https:\\\/\\\/sendanoticiosa.com\\\/index.php\\\/2026\\\/09\\\/03\\\/gabriel-milito-no-ha-convocado-a-un-jugador-y-vive-una-pesadilla-en-verde-valle-casa-de-entrenamiento-de-chivas\\\/#breadcrumb\",\"itemListElement\":[{\"@type\":\"ListItem\",\"position\":1,\"name\":\"Portada\",\"item\":\"https:\\\/\\\/sendanoticiosa.com\\\/\"},{\"@type\":\"ListItem\",\"position\":2,\"name\":\"Gabriel Milito no ha convocado a un jugador y vive una pesadilla en Verde Valle, casa de entrenamiento de Chivas\"}]},{\"@type\":\"WebSite\",\"@id\":\"https:\\\/\\\/sendanoticiosa.com\\\/#website\",\"url\":\"https:\\\/\\\/sendanoticiosa.com\\\/\",\"name\":\"Senda Noticiosa\",\"description\":\"\",\"potentialAction\":[{\"@type\":\"SearchAction\",\"target\":{\"@type\":\"EntryPoint\",\"urlTemplate\":\"https:\\\/\\\/sendanoticiosa.com\\\/?s={search_term_string}\"},\"query-input\":{\"@type\":\"PropertyValueSpecification\",\"valueRequired\":true,\"valueName\":\"search_term_string\"}}],\"inLanguage\":\"en-US\"}]}<\/script>\n<!-- \/ Yoast SEO plugin. -->","yoast_head_json":{"title":"Gabriel Milito no ha convocado a un jugador y vive una pesadilla en Verde Valle, casa de entrenamiento de Chivas - Senda Noticiosa","robots":{"index":"index","follow":"follow","max-snippet":"max-snippet:-1","max-image-preview":"max-image-preview:large","max-video-preview":"max-video-preview:-1"},"canonical":"https:\/\/sendanoticiosa.com\/index.php\/2026\/09\/03\/gabriel-milito-no-ha-convocado-a-un-jugador-y-vive-una-pesadilla-en-verde-valle-casa-de-entrenamiento-de-chivas\/","og_locale":"en_US","og_type":"article","og_title":"Gabriel Milito no ha convocado a un jugador y vive una pesadilla en Verde Valle, casa de entrenamiento de Chivas - Senda Noticiosa","og_description":"Mostrar comentarios 0 Con la salida de la Hormiga, Chivas tiene un gran vac\u00edo en la delantera. Si bien sus \u00faltimos partidos con el Reba\u00f1o no fueron los mejores y atravesaba una sequ\u00eda goleadora, no se puede olvidar que fue un elemento importante al marcar 24 goles durante la \u00faltima temporada. Ahora, el problema para [&hellip;]","og_url":"https:\/\/sendanoticiosa.com\/index.php\/2026\/09\/03\/gabriel-milito-no-ha-convocado-a-un-jugador-y-vive-una-pesadilla-en-verde-valle-casa-de-entrenamiento-de-chivas\/","og_site_name":"Senda Noticiosa","article_published_time":"2026-09-03T04:57:41+00:00","twitter_card":"summary_large_image","twitter_misc":{"Est. reading time":"1 minute"},"schema":{"@context":"https:\/\/schema.org","@graph":[{"@type":"Article","@id":"https:\/\/sendanoticiosa.com\/index.php\/2026\/09\/03\/gabriel-milito-no-ha-convocado-a-un-jugador-y-vive-una-pesadilla-en-verde-valle-casa-de-entrenamiento-de-chivas\/#article","isPartOf":{"@id":"https:\/\/sendanoticiosa.com\/index.php\/2026\/09\/03\/gabriel-milito-no-ha-convocado-a-un-jugador-y-vive-una-pesadilla-en-verde-valle-casa-de-entrenamiento-de-chivas\/"},"author":{"name":"","@id":""},"headline":"Gabriel Milito no ha convocado a un jugador y vive una pesadilla en Verde Valle, casa de entrenamiento de Chivas","datePublished":"2026-09-03T04:57:41+00:00","mainEntityOfPage":{"@id":"https:\/\/sendanoticiosa.com\/index.php\/2026\/09\/03\/gabriel-milito-no-ha-convocado-a-un-jugador-y-vive-una-pesadilla-en-verde-valle-casa-de-entrenamiento-de-chivas\/"},"wordCount":135,"commentCount":0,"image":{"@id":"https:\/\/sendanoticiosa.com\/index.php\/2026\/09\/03\/gabriel-milito-no-ha-convocado-a-un-jugador-y-vive-una-pesadilla-en-verde-valle-casa-de-entrenamiento-de-chivas\/#primaryimage"},"thumbnailUrl":"https:\/\/sendanoticiosa.com\/wp-content\/uploads\/2026\/09\/6a97a76351598.jpeg","articleSection":["Deportes"],"inLanguage":"en-US","potentialAction":[{"@type":"CommentAction","name":"Comment","target":["https:\/\/sendanoticiosa.com\/index.php\/2026\/09\/03\/gabriel-milito-no-ha-convocado-a-un-jugador-y-vive-una-pesadilla-en-verde-valle-casa-de-entrenamiento-de-chivas\/#respond"]}]},{"@type":"WebPage","@id":"https:\/\/sendanoticiosa.com\/index.php\/2026\/09\/03\/gabriel-milito-no-ha-convocado-a-un-jugador-y-vive-una-pesadilla-en-verde-valle-casa-de-entrenamiento-de-chivas\/","url":"https:\/\/sendanoticiosa.com\/index.php\/2026\/09\/03\/gabriel-milito-no-ha-convocado-a-un-jugador-y-vive-una-pesadilla-en-verde-valle-casa-de-entrenamiento-de-chivas\/","name":"Gabriel Milito no ha convocado a un jugador y vive una pesadilla en Verde Valle, casa de entrenamiento de Chivas - Senda Noticiosa","isPartOf":{"@id":"https:\/\/sendanoticiosa.com\/#website"},"primaryImageOfPage":{"@id":"https:\/\/sendanoticiosa.com\/index.php\/2026\/09\/03\/gabriel-milito-no-ha-convocado-a-un-jugador-y-vive-una-pesadilla-en-verde-valle-casa-de-entrenamiento-de-chivas\/#primaryimage"},"image":{"@id":"https:\/\/sendanoticiosa.com\/index.php\/2026\/09\/03\/gabriel-milito-no-ha-convocado-a-un-jugador-y-vive-una-pesadilla-en-verde-valle-casa-de-entrenamiento-de-chivas\/#primaryimage"},"thumbnailUrl":"https:\/\/sendanoticiosa.com\/wp-content\/uploads\/2026\/09\/6a97a76351598.jpeg","datePublished":"2026-09-03T04:57:41+00:00","author":{"@id":""},"breadcrumb":{"@id":"https:\/\/sendanoticiosa.com\/index.php\/2026\/09\/03\/gabriel-milito-no-ha-convocado-a-un-jugador-y-vive-una-pesadilla-en-verde-valle-casa-de-entrenamiento-de-chivas\/#breadcrumb"},"inLanguage":"en-US","potentialAction":[{"@type":"ReadAction","target":["https:\/\/sendanoticiosa.com\/index.php\/2026\/09\/03\/gabriel-milito-no-ha-convocado-a-un-jugador-y-vive-una-pesadilla-en-verde-valle-casa-de-entrenamiento-de-chivas\/"]}]},{"@type":"ImageObject","inLanguage":"en-US","@id":"https:\/\/sendanoticiosa.com\/index.php\/2026\/09\/03\/gabriel-milito-no-ha-convocado-a-un-jugador-y-vive-una-pesadilla-en-verde-valle-casa-de-entrenamiento-de-chivas\/#primaryimage","url":"https:\/\/sendanoticiosa.com\/wp-content\/uploads\/2026\/09\/6a97a76351598.jpeg","contentUrl":"https:\/\/sendanoticiosa.com\/wp-content\/uploads\/2026\/09\/6a97a76351598.jpeg","width":1200,"height":675,"caption":"Gabriel Milito no ha convocado a un jugador y vive una pesadilla en Verde Valle, casa de entrenamiento de Chivas"},{"@type":"BreadcrumbList","@id":"https:\/\/sendanoticiosa.com\/index.php\/2026\/09\/03\/gabriel-milito-no-ha-convocado-a-un-jugador-y-vive-una-pesadilla-en-verde-valle-casa-de-entrenamiento-de-chivas\/#breadcrumb","itemListElement":[{"@type":"ListItem","position":1,"name":"Portada","item":"https:\/\/sendanoticiosa.com\/"},{"@type":"ListItem","position":2,"name":"Gabriel Milito no ha convocado a un jugador y vive una pesadilla en Verde Valle, casa de entrenamiento de Chivas"}]},{"@type":"WebSite","@id":"https:\/\/sendanoticiosa.com\/#website","url":"https:\/\/sendanoticiosa.com\/","name":"Senda Noticiosa","description":"","potentialAction":[{"@type":"SearchAction","target":{"@type":"EntryPoint","urlTemplate":"https:\/\/sendanoticiosa.com\/?s={search_term_string}"},"query-input":{"@type":"PropertyValueSpecification","valueRequired":true,"valueName":"search_term_string"}}],"inLanguage":"en-US"}]}},"_links":{"self":[{"href":"https:\/\/sendanoticiosa.com\/index.php\/wp-json\/wp\/v2\/posts\/8534","targetHints":{"allow":["GET"]}}],"collection":[{"href":"https:\/\/sendanoticiosa.com\/index.php\/wp-json\/wp\/v2\/posts"}],"about":[{"href":"https:\/\/sendanoticiosa.com\/index.php\/wp-json\/wp\/v2\/types\/post"}],"replies":[{"embeddable":true,"href":"https:\/\/sendanoticiosa.com\/index.php\/wp-json\/wp\/v2\/comments?post=8534"}],"version-history":[{"count":0,"href":"https:\/\/sendanoticiosa.com\/index.php\/wp-json\/wp\/v2\/posts\/8534\/revisions"}],"wp:featuredmedia":[{"embeddable":true,"href":"https:\/\/sendanoticiosa.com\/index.php\/wp-json\/wp\/v2\/media\/8535"}],"wp:attachment":[{"href":"https:\/\/sendanoticiosa.com\/index.php\/wp-json\/wp\/v2\/media?parent=8534"}],"wp:term":[{"taxonomy":"category","embeddable":true,"href":"https:\/\/sendanoticiosa.com\/index.php\/wp-json\/wp\/v2\/categories?post=8534"},{"taxonomy":"post_tag","embeddable":true,"href":"https:\/\/sendanoticiosa.com\/index.php\/wp-json\/wp\/v2\/tags?post=8534"}],"curies":[{"name":"wp","href":"https:\/\/api.w.org\/{rel}","templated":true}]}}