{"id":8536,"date":"2026-09-03T07:02:53","date_gmt":"2026-09-03T05:02:53","guid":{"rendered":"https:\/\/sendanoticiosa.com\/index.php\/2026\/09\/03\/america-pesca-en-espana-carlos-alvarez-llega-desde-el-levante\/"},"modified":"2026-09-03T07:02:53","modified_gmt":"2026-09-03T05:02:53","slug":"america-pesca-en-espana-carlos-alvarez-llega-desde-el-levante","status":"publish","type":"post","link":"https:\/\/sendanoticiosa.com\/index.php\/2026\/09\/03\/america-pesca-en-espana-carlos-alvarez-llega-desde-el-levante\/","title":{"rendered":"Am\u00e9rica pesca en Espa\u00f1a: Carlos \u00c1lvarez llega desde el Levante"},"content":{"rendered":"<p>Mostrar comentarios 0 El destino del atacante sevillano, con diferentes novias desde el a\u00f1o pasado, siempre ha estado ligado a la satisfacci\u00f3n de la entidad granota a nivel econ\u00f3mico. Hecho &#8220;sine qua no&#8221; para que cualquier operaci\u00f3n se pudiera completar y que se activ\u00f3 este pasado s\u00e1bado tras el envite ante el Real Betis, seg\u00fan informa SER Deportivos Valencia. Para el Levante, Carlos \u00c1lvarez era junto a otros jugadores de la plantilla como Carlos Esp\u00ed, Kervin Arriaga o Kareem Tunde, buenos activos para poder hacer caja en una situaci\u00f3n tan compleja y dif\u00edcil que atraviesa el club del barrio de&#8230;<\/p>\n<p>Fuente: <a href=\"https:\/\/www.marca.com\/mx\/futbol\/liga-mx\/2026\/09\/01\/america-pesca-espana-carlos-alvarez-llega-levante.html\" target=\"_blank\" rel=\"nofollow noopener\">https:\/\/www.marca.com\/mx\/futbol\/liga-mx\/2026\/09\/01\/america-pesca-espana-carlos-alvarez-llega-levante.html<\/a><\/p>\n","protected":false},"excerpt":{"rendered":"<p>Mostrar comentarios 0 El destino del atacante sevillano, con diferentes novias desde el a\u00f1o pasado, siempre ha estado ligado a la satisfacci\u00f3n de la entidad granota a nivel econ\u00f3mico. Hecho &#8220;sine qua no&#8221; para que cualquier operaci\u00f3n se pudiera completar y que se activ\u00f3 este pasado s\u00e1bado tras el envite ante el Real Betis, seg\u00fan [&hellip;]<\/p>\n","protected":false},"author":0,"featured_media":8537,"comment_status":"open","ping_status":"open","sticky":false,"template":"","format":"standard","meta":{"inline_featured_image":false,"footnotes":""},"categories":[62],"tags":[],"class_list":["post-8536","post","type-post","status-publish","format-standard","has-post-thumbnail","hentry","category-deportes"],"yoast_head":"<!-- This site is optimized with the Yoast SEO plugin v28.4 - https:\/\/yoast.com\/product\/yoast-seo-wordpress\/ -->\n<title>Am\u00e9rica pesca en Espa\u00f1a: Carlos \u00c1lvarez llega desde el Levante - Senda Noticiosa<\/title>\n<meta name=\"robots\" content=\"index, follow, max-snippet:-1, max-image-preview:large, max-video-preview:-1\" \/>\n<link rel=\"canonical\" href=\"https:\/\/sendanoticiosa.com\/index.php\/2026\/09\/03\/america-pesca-en-espana-carlos-alvarez-llega-desde-el-levante\/\" \/>\n<meta property=\"og:locale\" content=\"en_US\" \/>\n<meta property=\"og:type\" content=\"article\" \/>\n<meta property=\"og:title\" content=\"Am\u00e9rica pesca en Espa\u00f1a: Carlos \u00c1lvarez llega desde el Levante - Senda Noticiosa\" \/>\n<meta property=\"og:description\" content=\"Mostrar comentarios 0 El destino del atacante sevillano, con diferentes novias desde el a\u00f1o pasado, siempre ha estado ligado a la satisfacci\u00f3n de la entidad granota a nivel econ\u00f3mico. Hecho &#8220;sine qua no&#8221; para que cualquier operaci\u00f3n se pudiera completar y que se activ\u00f3 este pasado s\u00e1bado tras el envite ante el Real Betis, seg\u00fan [&hellip;]\" \/>\n<meta property=\"og:url\" content=\"https:\/\/sendanoticiosa.com\/index.php\/2026\/09\/03\/america-pesca-en-espana-carlos-alvarez-llega-desde-el-levante\/\" \/>\n<meta property=\"og:site_name\" content=\"Senda Noticiosa\" \/>\n<meta property=\"article:published_time\" content=\"2026-09-03T05:02:53+00:00\" \/>\n<meta name=\"twitter:card\" content=\"summary_large_image\" \/>\n<meta name=\"twitter:label1\" content=\"Est. reading time\" \/>\n\t<meta name=\"twitter:data1\" content=\"1 minute\" \/>\n<script type=\"application\/ld+json\" class=\"yoast-schema-graph\">{\"@context\":\"https:\\\/\\\/schema.org\",\"@graph\":[{\"@type\":\"Article\",\"@id\":\"https:\\\/\\\/sendanoticiosa.com\\\/index.php\\\/2026\\\/09\\\/03\\\/america-pesca-en-espana-carlos-alvarez-llega-desde-el-levante\\\/#article\",\"isPartOf\":{\"@id\":\"https:\\\/\\\/sendanoticiosa.com\\\/index.php\\\/2026\\\/09\\\/03\\\/america-pesca-en-espana-carlos-alvarez-llega-desde-el-levante\\\/\"},\"author\":{\"name\":\"\",\"@id\":\"\"},\"headline\":\"Am\u00e9rica pesca en Espa\u00f1a: Carlos \u00c1lvarez llega desde el Levante\",\"datePublished\":\"2026-09-03T05:02:53+00:00\",\"mainEntityOfPage\":{\"@id\":\"https:\\\/\\\/sendanoticiosa.com\\\/index.php\\\/2026\\\/09\\\/03\\\/america-pesca-en-espana-carlos-alvarez-llega-desde-el-levante\\\/\"},\"wordCount\":129,\"commentCount\":0,\"image\":{\"@id\":\"https:\\\/\\\/sendanoticiosa.com\\\/index.php\\\/2026\\\/09\\\/03\\\/america-pesca-en-espana-carlos-alvarez-llega-desde-el-levante\\\/#primaryimage\"},\"thumbnailUrl\":\"https:\\\/\\\/sendanoticiosa.com\\\/wp-content\\\/uploads\\\/2026\\\/09\\\/6a96aeb052fe2.jpeg\",\"articleSection\":[\"Deportes\"],\"inLanguage\":\"en-US\",\"potentialAction\":[{\"@type\":\"CommentAction\",\"name\":\"Comment\",\"target\":[\"https:\\\/\\\/sendanoticiosa.com\\\/index.php\\\/2026\\\/09\\\/03\\\/america-pesca-en-espana-carlos-alvarez-llega-desde-el-levante\\\/#respond\"]}]},{\"@type\":\"WebPage\",\"@id\":\"https:\\\/\\\/sendanoticiosa.com\\\/index.php\\\/2026\\\/09\\\/03\\\/america-pesca-en-espana-carlos-alvarez-llega-desde-el-levante\\\/\",\"url\":\"https:\\\/\\\/sendanoticiosa.com\\\/index.php\\\/2026\\\/09\\\/03\\\/america-pesca-en-espana-carlos-alvarez-llega-desde-el-levante\\\/\",\"name\":\"Am\u00e9rica pesca en Espa\u00f1a: Carlos \u00c1lvarez llega desde el Levante - Senda Noticiosa\",\"isPartOf\":{\"@id\":\"https:\\\/\\\/sendanoticiosa.com\\\/#website\"},\"primaryImageOfPage\":{\"@id\":\"https:\\\/\\\/sendanoticiosa.com\\\/index.php\\\/2026\\\/09\\\/03\\\/america-pesca-en-espana-carlos-alvarez-llega-desde-el-levante\\\/#primaryimage\"},\"image\":{\"@id\":\"https:\\\/\\\/sendanoticiosa.com\\\/index.php\\\/2026\\\/09\\\/03\\\/america-pesca-en-espana-carlos-alvarez-llega-desde-el-levante\\\/#primaryimage\"},\"thumbnailUrl\":\"https:\\\/\\\/sendanoticiosa.com\\\/wp-content\\\/uploads\\\/2026\\\/09\\\/6a96aeb052fe2.jpeg\",\"datePublished\":\"2026-09-03T05:02:53+00:00\",\"author\":{\"@id\":\"\"},\"breadcrumb\":{\"@id\":\"https:\\\/\\\/sendanoticiosa.com\\\/index.php\\\/2026\\\/09\\\/03\\\/america-pesca-en-espana-carlos-alvarez-llega-desde-el-levante\\\/#breadcrumb\"},\"inLanguage\":\"en-US\",\"potentialAction\":[{\"@type\":\"ReadAction\",\"target\":[\"https:\\\/\\\/sendanoticiosa.com\\\/index.php\\\/2026\\\/09\\\/03\\\/america-pesca-en-espana-carlos-alvarez-llega-desde-el-levante\\\/\"]}]},{\"@type\":\"ImageObject\",\"inLanguage\":\"en-US\",\"@id\":\"https:\\\/\\\/sendanoticiosa.com\\\/index.php\\\/2026\\\/09\\\/03\\\/america-pesca-en-espana-carlos-alvarez-llega-desde-el-levante\\\/#primaryimage\",\"url\":\"https:\\\/\\\/sendanoticiosa.com\\\/wp-content\\\/uploads\\\/2026\\\/09\\\/6a96aeb052fe2.jpeg\",\"contentUrl\":\"https:\\\/\\\/sendanoticiosa.com\\\/wp-content\\\/uploads\\\/2026\\\/09\\\/6a96aeb052fe2.jpeg\",\"width\":1200,\"height\":675,\"caption\":\"Am\u00e9rica pesca en Espa\u00f1a: Carlos \u00c1lvarez llega desde el Levante\"},{\"@type\":\"BreadcrumbList\",\"@id\":\"https:\\\/\\\/sendanoticiosa.com\\\/index.php\\\/2026\\\/09\\\/03\\\/america-pesca-en-espana-carlos-alvarez-llega-desde-el-levante\\\/#breadcrumb\",\"itemListElement\":[{\"@type\":\"ListItem\",\"position\":1,\"name\":\"Portada\",\"item\":\"https:\\\/\\\/sendanoticiosa.com\\\/\"},{\"@type\":\"ListItem\",\"position\":2,\"name\":\"Am\u00e9rica pesca en Espa\u00f1a: Carlos \u00c1lvarez llega desde el Levante\"}]},{\"@type\":\"WebSite\",\"@id\":\"https:\\\/\\\/sendanoticiosa.com\\\/#website\",\"url\":\"https:\\\/\\\/sendanoticiosa.com\\\/\",\"name\":\"Senda Noticiosa\",\"description\":\"\",\"potentialAction\":[{\"@type\":\"SearchAction\",\"target\":{\"@type\":\"EntryPoint\",\"urlTemplate\":\"https:\\\/\\\/sendanoticiosa.com\\\/?s={search_term_string}\"},\"query-input\":{\"@type\":\"PropertyValueSpecification\",\"valueRequired\":true,\"valueName\":\"search_term_string\"}}],\"inLanguage\":\"en-US\"}]}<\/script>\n<!-- \/ Yoast SEO plugin. -->","yoast_head_json":{"title":"Am\u00e9rica pesca en Espa\u00f1a: Carlos \u00c1lvarez llega desde el Levante - Senda Noticiosa","robots":{"index":"index","follow":"follow","max-snippet":"max-snippet:-1","max-image-preview":"max-image-preview:large","max-video-preview":"max-video-preview:-1"},"canonical":"https:\/\/sendanoticiosa.com\/index.php\/2026\/09\/03\/america-pesca-en-espana-carlos-alvarez-llega-desde-el-levante\/","og_locale":"en_US","og_type":"article","og_title":"Am\u00e9rica pesca en Espa\u00f1a: Carlos \u00c1lvarez llega desde el Levante - Senda Noticiosa","og_description":"Mostrar comentarios 0 El destino del atacante sevillano, con diferentes novias desde el a\u00f1o pasado, siempre ha estado ligado a la satisfacci\u00f3n de la entidad granota a nivel econ\u00f3mico. Hecho &#8220;sine qua no&#8221; para que cualquier operaci\u00f3n se pudiera completar y que se activ\u00f3 este pasado s\u00e1bado tras el envite ante el Real Betis, seg\u00fan [&hellip;]","og_url":"https:\/\/sendanoticiosa.com\/index.php\/2026\/09\/03\/america-pesca-en-espana-carlos-alvarez-llega-desde-el-levante\/","og_site_name":"Senda Noticiosa","article_published_time":"2026-09-03T05:02:53+00:00","twitter_card":"summary_large_image","twitter_misc":{"Est. reading time":"1 minute"},"schema":{"@context":"https:\/\/schema.org","@graph":[{"@type":"Article","@id":"https:\/\/sendanoticiosa.com\/index.php\/2026\/09\/03\/america-pesca-en-espana-carlos-alvarez-llega-desde-el-levante\/#article","isPartOf":{"@id":"https:\/\/sendanoticiosa.com\/index.php\/2026\/09\/03\/america-pesca-en-espana-carlos-alvarez-llega-desde-el-levante\/"},"author":{"name":"","@id":""},"headline":"Am\u00e9rica pesca en Espa\u00f1a: Carlos \u00c1lvarez llega desde el Levante","datePublished":"2026-09-03T05:02:53+00:00","mainEntityOfPage":{"@id":"https:\/\/sendanoticiosa.com\/index.php\/2026\/09\/03\/america-pesca-en-espana-carlos-alvarez-llega-desde-el-levante\/"},"wordCount":129,"commentCount":0,"image":{"@id":"https:\/\/sendanoticiosa.com\/index.php\/2026\/09\/03\/america-pesca-en-espana-carlos-alvarez-llega-desde-el-levante\/#primaryimage"},"thumbnailUrl":"https:\/\/sendanoticiosa.com\/wp-content\/uploads\/2026\/09\/6a96aeb052fe2.jpeg","articleSection":["Deportes"],"inLanguage":"en-US","potentialAction":[{"@type":"CommentAction","name":"Comment","target":["https:\/\/sendanoticiosa.com\/index.php\/2026\/09\/03\/america-pesca-en-espana-carlos-alvarez-llega-desde-el-levante\/#respond"]}]},{"@type":"WebPage","@id":"https:\/\/sendanoticiosa.com\/index.php\/2026\/09\/03\/america-pesca-en-espana-carlos-alvarez-llega-desde-el-levante\/","url":"https:\/\/sendanoticiosa.com\/index.php\/2026\/09\/03\/america-pesca-en-espana-carlos-alvarez-llega-desde-el-levante\/","name":"Am\u00e9rica pesca en Espa\u00f1a: Carlos \u00c1lvarez llega desde el Levante - Senda Noticiosa","isPartOf":{"@id":"https:\/\/sendanoticiosa.com\/#website"},"primaryImageOfPage":{"@id":"https:\/\/sendanoticiosa.com\/index.php\/2026\/09\/03\/america-pesca-en-espana-carlos-alvarez-llega-desde-el-levante\/#primaryimage"},"image":{"@id":"https:\/\/sendanoticiosa.com\/index.php\/2026\/09\/03\/america-pesca-en-espana-carlos-alvarez-llega-desde-el-levante\/#primaryimage"},"thumbnailUrl":"https:\/\/sendanoticiosa.com\/wp-content\/uploads\/2026\/09\/6a96aeb052fe2.jpeg","datePublished":"2026-09-03T05:02:53+00:00","author":{"@id":""},"breadcrumb":{"@id":"https:\/\/sendanoticiosa.com\/index.php\/2026\/09\/03\/america-pesca-en-espana-carlos-alvarez-llega-desde-el-levante\/#breadcrumb"},"inLanguage":"en-US","potentialAction":[{"@type":"ReadAction","target":["https:\/\/sendanoticiosa.com\/index.php\/2026\/09\/03\/america-pesca-en-espana-carlos-alvarez-llega-desde-el-levante\/"]}]},{"@type":"ImageObject","inLanguage":"en-US","@id":"https:\/\/sendanoticiosa.com\/index.php\/2026\/09\/03\/america-pesca-en-espana-carlos-alvarez-llega-desde-el-levante\/#primaryimage","url":"https:\/\/sendanoticiosa.com\/wp-content\/uploads\/2026\/09\/6a96aeb052fe2.jpeg","contentUrl":"https:\/\/sendanoticiosa.com\/wp-content\/uploads\/2026\/09\/6a96aeb052fe2.jpeg","width":1200,"height":675,"caption":"Am\u00e9rica pesca en Espa\u00f1a: Carlos \u00c1lvarez llega desde el Levante"},{"@type":"BreadcrumbList","@id":"https:\/\/sendanoticiosa.com\/index.php\/2026\/09\/03\/america-pesca-en-espana-carlos-alvarez-llega-desde-el-levante\/#breadcrumb","itemListElement":[{"@type":"ListItem","position":1,"name":"Portada","item":"https:\/\/sendanoticiosa.com\/"},{"@type":"ListItem","position":2,"name":"Am\u00e9rica pesca en Espa\u00f1a: Carlos \u00c1lvarez llega desde el Levante"}]},{"@type":"WebSite","@id":"https:\/\/sendanoticiosa.com\/#website","url":"https:\/\/sendanoticiosa.com\/","name":"Senda Noticiosa","description":"","potentialAction":[{"@type":"SearchAction","target":{"@type":"EntryPoint","urlTemplate":"https:\/\/sendanoticiosa.com\/?s={search_term_string}"},"query-input":{"@type":"PropertyValueSpecification","valueRequired":true,"valueName":"search_term_string"}}],"inLanguage":"en-US"}]}},"_links":{"self":[{"href":"https:\/\/sendanoticiosa.com\/index.php\/wp-json\/wp\/v2\/posts\/8536","targetHints":{"allow":["GET"]}}],"collection":[{"href":"https:\/\/sendanoticiosa.com\/index.php\/wp-json\/wp\/v2\/posts"}],"about":[{"href":"https:\/\/sendanoticiosa.com\/index.php\/wp-json\/wp\/v2\/types\/post"}],"replies":[{"embeddable":true,"href":"https:\/\/sendanoticiosa.com\/index.php\/wp-json\/wp\/v2\/comments?post=8536"}],"version-history":[{"count":0,"href":"https:\/\/sendanoticiosa.com\/index.php\/wp-json\/wp\/v2\/posts\/8536\/revisions"}],"wp:featuredmedia":[{"embeddable":true,"href":"https:\/\/sendanoticiosa.com\/index.php\/wp-json\/wp\/v2\/media\/8537"}],"wp:attachment":[{"href":"https:\/\/sendanoticiosa.com\/index.php\/wp-json\/wp\/v2\/media?parent=8536"}],"wp:term":[{"taxonomy":"category","embeddable":true,"href":"https:\/\/sendanoticiosa.com\/index.php\/wp-json\/wp\/v2\/categories?post=8536"},{"taxonomy":"post_tag","embeddable":true,"href":"https:\/\/sendanoticiosa.com\/index.php\/wp-json\/wp\/v2\/tags?post=8536"}],"curies":[{"name":"wp","href":"https:\/\/api.w.org\/{rel}","templated":true}]}}