{"id":8538,"date":"2026-09-03T20:29:43","date_gmt":"2026-09-03T18:29:43","guid":{"rendered":"https:\/\/sendanoticiosa.com\/?p=8538"},"modified":"2026-09-03T20:29:43","modified_gmt":"2026-09-03T18:29:43","slug":"se-mantiene-nissan-como-lider-en-ventas-de-mexico","status":"publish","type":"post","link":"https:\/\/sendanoticiosa.com\/index.php\/2026\/09\/03\/se-mantiene-nissan-como-lider-en-ventas-de-mexico\/","title":{"rendered":"Se mantiene Nissan como l\u00edder en ventas de M\u00e9xico"},"content":{"rendered":"\n<p class=\"wp-block-paragraph\"><a href=\"https:\/\/google.com\/preferences\/source?q=vanguardia.com.mx&amp;hl=es-419\" target=\"_blank\" rel=\"noopener\"><\/a><\/p>\n\n\n\n<p class=\"wp-block-paragraph\">Durante el periodo enero-agosto 2026, Nissan se mantuvo como l\u00edder en la venta de veh\u00edculos ligeros en el pa\u00eds con el 17% del mercado total, seguido por\u00a0<strong>General Motors<\/strong>\u00a0(GM) con el 12.8% y Volkswagen (VW) con el 11.0%.<\/p>\n\n\n\n<p class=\"wp-block-paragraph\">La Asociaci\u00f3n Mexicana de la Industria Automotriz (AMIA) y la Asociaci\u00f3n Mexicana de Distribuidores de Automotores (AMDA) dieron a conocer con cifras publicadas por el Inegi, que en agosto la venta de veh\u00edculos ligeros nuevos fue de 129 mil 479 unidades, un 2.3% mayor al n\u00famero de unidades comercializadas en agosto de 2025.<\/p>\n\n\n\n<p class=\"wp-block-paragraph\">En el periodo enero-agosto 2026 se registraron 1 mill\u00f3n 014 mil 832 veh\u00edculos ligeros nuevos vendidos, lo que represent\u00f3 un avance de 4.7% con respecto a lo reportado durante el mismo periodo de 2025.<\/p>\n\n\n\n<p class=\"wp-block-paragraph\">Despu\u00e9s de Nissan, GM y VW, las marcas que siguen en la venta de veh\u00edculos ligeros en el periodo enero-agosto 2026, fueron Toyota con 8.3%, KIA 7.2%, Mazda 6.9%, Stellantis 6.6%, Hyundai 3.6%, MG Motor 3.5%, Ford 3.4% y Otros 19.6%.<\/p>\n\n\n\n<p class=\"wp-block-paragraph\">De esas marcas las que presentaron crecimiento en su comparativo anual fueron General Motors con 2% (130 mil 112 unidades ene-agos 2026 vs 127 mil 521 en el mismo periodo de 2025), VW 3.2% (111 mil 875 vs 108 mil 420), Toyota 4.5% (84 mil 073 vs 80 mil 486), Mazda 3.7% (70 mil 115 vs 67 mil 639), Stellantis 19.8% (67 mil 071 vs 55 mil 963), Hyundai 5.2% (36 mil 107 vs 34 mil 311), MG Motor 13.0% (36 mil 019 vs 31 mil 872) y KIA 2.0% (73 mil 273 vs 71 mil 845).<\/p>\n\n\n\n<p class=\"wp-block-paragraph\">Contrario a ello, las que presentaron un descenso en sus ventas fue Nissan con -1.5% (172 mil 941 unidades ene-agos26 vs 175 mil 568 ene-agost25) y\u00a0<strong>Ford<\/strong>\u00a0-1.5% (34 mil 319 vs 34 mil 829 en comparaci\u00f3n con el a\u00f1o anterior).<\/p>\n","protected":false},"excerpt":{"rendered":"<p>Durante el periodo enero-agosto 2026, Nissan se mantuvo como l\u00edder en la venta de veh\u00edculos ligeros en el pa\u00eds con el 17% del mercado total, seguido por\u00a0General Motors\u00a0(GM) con el 12.8% y Volkswagen (VW) con el 11.0%. La Asociaci\u00f3n Mexicana de la Industria Automotriz (AMIA) y la Asociaci\u00f3n Mexicana de Distribuidores de Automotores (AMDA) dieron [&hellip;]<\/p>\n","protected":false},"author":1,"featured_media":8539,"comment_status":"open","ping_status":"open","sticky":false,"template":"","format":"standard","meta":{"inline_featured_image":false,"footnotes":""},"categories":[51],"tags":[],"class_list":["post-8538","post","type-post","status-publish","format-standard","has-post-thumbnail","hentry","category-nacional"],"yoast_head":"<!-- This site is optimized with the Yoast SEO plugin v28.4 - https:\/\/yoast.com\/product\/yoast-seo-wordpress\/ -->\n<title>Se mantiene Nissan como l\u00edder en ventas de M\u00e9xico - Senda Noticiosa<\/title>\n<meta name=\"robots\" content=\"index, follow, max-snippet:-1, max-image-preview:large, max-video-preview:-1\" \/>\n<link rel=\"canonical\" href=\"https:\/\/sendanoticiosa.com\/index.php\/2026\/09\/03\/se-mantiene-nissan-como-lider-en-ventas-de-mexico\/\" \/>\n<meta property=\"og:locale\" content=\"en_US\" \/>\n<meta property=\"og:type\" content=\"article\" \/>\n<meta property=\"og:title\" content=\"Se mantiene Nissan como l\u00edder en ventas de M\u00e9xico - Senda Noticiosa\" \/>\n<meta property=\"og:description\" content=\"Durante el periodo enero-agosto 2026, Nissan se mantuvo como l\u00edder en la venta de veh\u00edculos ligeros en el pa\u00eds con el 17% del mercado total, seguido por\u00a0General Motors\u00a0(GM) con el 12.8% y Volkswagen (VW) con el 11.0%. La Asociaci\u00f3n Mexicana de la Industria Automotriz (AMIA) y la Asociaci\u00f3n Mexicana de Distribuidores de Automotores (AMDA) dieron [&hellip;]\" \/>\n<meta property=\"og:url\" content=\"https:\/\/sendanoticiosa.com\/index.php\/2026\/09\/03\/se-mantiene-nissan-como-lider-en-ventas-de-mexico\/\" \/>\n<meta property=\"og:site_name\" content=\"Senda Noticiosa\" \/>\n<meta property=\"article:published_time\" content=\"2026-09-03T18:29:43+00:00\" \/>\n<meta property=\"og:image\" content=\"https:\/\/sendanoticiosa.com\/wp-content\/uploads\/2026\/09\/nissan-primer-lugar-en-ventas-de-mex_1-16954901_20260903154940.jpg\" \/>\n\t<meta property=\"og:image:width\" content=\"1200\" \/>\n\t<meta property=\"og:image:height\" content=\"675\" \/>\n\t<meta property=\"og:image:type\" content=\"image\/jpeg\" \/>\n<meta name=\"author\" content=\"sendanoticom\" \/>\n<meta name=\"twitter:card\" content=\"summary_large_image\" \/>\n<meta name=\"twitter:label1\" content=\"Written by\" \/>\n\t<meta name=\"twitter:data1\" content=\"sendanoticom\" \/>\n\t<meta name=\"twitter:label2\" content=\"Est. reading time\" \/>\n\t<meta name=\"twitter:data2\" content=\"2 minutes\" \/>\n<script type=\"application\/ld+json\" class=\"yoast-schema-graph\">{\"@context\":\"https:\\\/\\\/schema.org\",\"@graph\":[{\"@type\":\"Article\",\"@id\":\"https:\\\/\\\/sendanoticiosa.com\\\/index.php\\\/2026\\\/09\\\/03\\\/se-mantiene-nissan-como-lider-en-ventas-de-mexico\\\/#article\",\"isPartOf\":{\"@id\":\"https:\\\/\\\/sendanoticiosa.com\\\/index.php\\\/2026\\\/09\\\/03\\\/se-mantiene-nissan-como-lider-en-ventas-de-mexico\\\/\"},\"author\":{\"name\":\"sendanoticom\",\"@id\":\"https:\\\/\\\/sendanoticiosa.com\\\/#\\\/schema\\\/person\\\/6a5e18c406e3c548ddb81189cc6ae63d\"},\"headline\":\"Se mantiene Nissan como l\u00edder en ventas de M\u00e9xico\",\"datePublished\":\"2026-09-03T18:29:43+00:00\",\"mainEntityOfPage\":{\"@id\":\"https:\\\/\\\/sendanoticiosa.com\\\/index.php\\\/2026\\\/09\\\/03\\\/se-mantiene-nissan-como-lider-en-ventas-de-mexico\\\/\"},\"wordCount\":256,\"commentCount\":0,\"image\":{\"@id\":\"https:\\\/\\\/sendanoticiosa.com\\\/index.php\\\/2026\\\/09\\\/03\\\/se-mantiene-nissan-como-lider-en-ventas-de-mexico\\\/#primaryimage\"},\"thumbnailUrl\":\"https:\\\/\\\/sendanoticiosa.com\\\/wp-content\\\/uploads\\\/2026\\\/09\\\/nissan-primer-lugar-en-ventas-de-mex_1-16954901_20260903154940.jpg\",\"articleSection\":[\"Nacional\"],\"inLanguage\":\"en-US\",\"potentialAction\":[{\"@type\":\"CommentAction\",\"name\":\"Comment\",\"target\":[\"https:\\\/\\\/sendanoticiosa.com\\\/index.php\\\/2026\\\/09\\\/03\\\/se-mantiene-nissan-como-lider-en-ventas-de-mexico\\\/#respond\"]}]},{\"@type\":\"WebPage\",\"@id\":\"https:\\\/\\\/sendanoticiosa.com\\\/index.php\\\/2026\\\/09\\\/03\\\/se-mantiene-nissan-como-lider-en-ventas-de-mexico\\\/\",\"url\":\"https:\\\/\\\/sendanoticiosa.com\\\/index.php\\\/2026\\\/09\\\/03\\\/se-mantiene-nissan-como-lider-en-ventas-de-mexico\\\/\",\"name\":\"Se mantiene Nissan como l\u00edder en ventas de M\u00e9xico - Senda Noticiosa\",\"isPartOf\":{\"@id\":\"https:\\\/\\\/sendanoticiosa.com\\\/#website\"},\"primaryImageOfPage\":{\"@id\":\"https:\\\/\\\/sendanoticiosa.com\\\/index.php\\\/2026\\\/09\\\/03\\\/se-mantiene-nissan-como-lider-en-ventas-de-mexico\\\/#primaryimage\"},\"image\":{\"@id\":\"https:\\\/\\\/sendanoticiosa.com\\\/index.php\\\/2026\\\/09\\\/03\\\/se-mantiene-nissan-como-lider-en-ventas-de-mexico\\\/#primaryimage\"},\"thumbnailUrl\":\"https:\\\/\\\/sendanoticiosa.com\\\/wp-content\\\/uploads\\\/2026\\\/09\\\/nissan-primer-lugar-en-ventas-de-mex_1-16954901_20260903154940.jpg\",\"datePublished\":\"2026-09-03T18:29:43+00:00\",\"author\":{\"@id\":\"https:\\\/\\\/sendanoticiosa.com\\\/#\\\/schema\\\/person\\\/6a5e18c406e3c548ddb81189cc6ae63d\"},\"breadcrumb\":{\"@id\":\"https:\\\/\\\/sendanoticiosa.com\\\/index.php\\\/2026\\\/09\\\/03\\\/se-mantiene-nissan-como-lider-en-ventas-de-mexico\\\/#breadcrumb\"},\"inLanguage\":\"en-US\",\"potentialAction\":[{\"@type\":\"ReadAction\",\"target\":[\"https:\\\/\\\/sendanoticiosa.com\\\/index.php\\\/2026\\\/09\\\/03\\\/se-mantiene-nissan-como-lider-en-ventas-de-mexico\\\/\"]}]},{\"@type\":\"ImageObject\",\"inLanguage\":\"en-US\",\"@id\":\"https:\\\/\\\/sendanoticiosa.com\\\/index.php\\\/2026\\\/09\\\/03\\\/se-mantiene-nissan-como-lider-en-ventas-de-mexico\\\/#primaryimage\",\"url\":\"https:\\\/\\\/sendanoticiosa.com\\\/wp-content\\\/uploads\\\/2026\\\/09\\\/nissan-primer-lugar-en-ventas-de-mex_1-16954901_20260903154940.jpg\",\"contentUrl\":\"https:\\\/\\\/sendanoticiosa.com\\\/wp-content\\\/uploads\\\/2026\\\/09\\\/nissan-primer-lugar-en-ventas-de-mex_1-16954901_20260903154940.jpg\",\"width\":1200,\"height\":675},{\"@type\":\"BreadcrumbList\",\"@id\":\"https:\\\/\\\/sendanoticiosa.com\\\/index.php\\\/2026\\\/09\\\/03\\\/se-mantiene-nissan-como-lider-en-ventas-de-mexico\\\/#breadcrumb\",\"itemListElement\":[{\"@type\":\"ListItem\",\"position\":1,\"name\":\"Portada\",\"item\":\"https:\\\/\\\/sendanoticiosa.com\\\/\"},{\"@type\":\"ListItem\",\"position\":2,\"name\":\"Se mantiene Nissan como l\u00edder en ventas de M\u00e9xico\"}]},{\"@type\":\"WebSite\",\"@id\":\"https:\\\/\\\/sendanoticiosa.com\\\/#website\",\"url\":\"https:\\\/\\\/sendanoticiosa.com\\\/\",\"name\":\"Senda Noticiosa\",\"description\":\"\",\"potentialAction\":[{\"@type\":\"SearchAction\",\"target\":{\"@type\":\"EntryPoint\",\"urlTemplate\":\"https:\\\/\\\/sendanoticiosa.com\\\/?s={search_term_string}\"},\"query-input\":{\"@type\":\"PropertyValueSpecification\",\"valueRequired\":true,\"valueName\":\"search_term_string\"}}],\"inLanguage\":\"en-US\"},{\"@type\":\"Person\",\"@id\":\"https:\\\/\\\/sendanoticiosa.com\\\/#\\\/schema\\\/person\\\/6a5e18c406e3c548ddb81189cc6ae63d\",\"name\":\"sendanoticom\",\"image\":{\"@type\":\"ImageObject\",\"inLanguage\":\"en-US\",\"@id\":\"https:\\\/\\\/secure.gravatar.com\\\/avatar\\\/ba34ef5c85a7337be858cab52ef8a3ec8e6226b79910ac1660585e274b4a4314?s=96&d=mm&r=g\",\"url\":\"https:\\\/\\\/secure.gravatar.com\\\/avatar\\\/ba34ef5c85a7337be858cab52ef8a3ec8e6226b79910ac1660585e274b4a4314?s=96&d=mm&r=g\",\"contentUrl\":\"https:\\\/\\\/secure.gravatar.com\\\/avatar\\\/ba34ef5c85a7337be858cab52ef8a3ec8e6226b79910ac1660585e274b4a4314?s=96&d=mm&r=g\",\"caption\":\"sendanoticom\"},\"sameAs\":[\"https:\\\/\\\/sendanoticiosa.com\"],\"url\":\"https:\\\/\\\/sendanoticiosa.com\\\/index.php\\\/author\\\/sendanoticom\\\/\"}]}<\/script>\n<!-- \/ Yoast SEO plugin. -->","yoast_head_json":{"title":"Se mantiene Nissan como l\u00edder en ventas de M\u00e9xico - Senda Noticiosa","robots":{"index":"index","follow":"follow","max-snippet":"max-snippet:-1","max-image-preview":"max-image-preview:large","max-video-preview":"max-video-preview:-1"},"canonical":"https:\/\/sendanoticiosa.com\/index.php\/2026\/09\/03\/se-mantiene-nissan-como-lider-en-ventas-de-mexico\/","og_locale":"en_US","og_type":"article","og_title":"Se mantiene Nissan como l\u00edder en ventas de M\u00e9xico - Senda Noticiosa","og_description":"Durante el periodo enero-agosto 2026, Nissan se mantuvo como l\u00edder en la venta de veh\u00edculos ligeros en el pa\u00eds con el 17% del mercado total, seguido por\u00a0General Motors\u00a0(GM) con el 12.8% y Volkswagen (VW) con el 11.0%. La Asociaci\u00f3n Mexicana de la Industria Automotriz (AMIA) y la Asociaci\u00f3n Mexicana de Distribuidores de Automotores (AMDA) dieron [&hellip;]","og_url":"https:\/\/sendanoticiosa.com\/index.php\/2026\/09\/03\/se-mantiene-nissan-como-lider-en-ventas-de-mexico\/","og_site_name":"Senda Noticiosa","article_published_time":"2026-09-03T18:29:43+00:00","og_image":[{"width":1200,"height":675,"url":"https:\/\/sendanoticiosa.com\/wp-content\/uploads\/2026\/09\/nissan-primer-lugar-en-ventas-de-mex_1-16954901_20260903154940.jpg","type":"image\/jpeg"}],"author":"sendanoticom","twitter_card":"summary_large_image","twitter_misc":{"Written by":"sendanoticom","Est. reading time":"2 minutes"},"schema":{"@context":"https:\/\/schema.org","@graph":[{"@type":"Article","@id":"https:\/\/sendanoticiosa.com\/index.php\/2026\/09\/03\/se-mantiene-nissan-como-lider-en-ventas-de-mexico\/#article","isPartOf":{"@id":"https:\/\/sendanoticiosa.com\/index.php\/2026\/09\/03\/se-mantiene-nissan-como-lider-en-ventas-de-mexico\/"},"author":{"name":"sendanoticom","@id":"https:\/\/sendanoticiosa.com\/#\/schema\/person\/6a5e18c406e3c548ddb81189cc6ae63d"},"headline":"Se mantiene Nissan como l\u00edder en ventas de M\u00e9xico","datePublished":"2026-09-03T18:29:43+00:00","mainEntityOfPage":{"@id":"https:\/\/sendanoticiosa.com\/index.php\/2026\/09\/03\/se-mantiene-nissan-como-lider-en-ventas-de-mexico\/"},"wordCount":256,"commentCount":0,"image":{"@id":"https:\/\/sendanoticiosa.com\/index.php\/2026\/09\/03\/se-mantiene-nissan-como-lider-en-ventas-de-mexico\/#primaryimage"},"thumbnailUrl":"https:\/\/sendanoticiosa.com\/wp-content\/uploads\/2026\/09\/nissan-primer-lugar-en-ventas-de-mex_1-16954901_20260903154940.jpg","articleSection":["Nacional"],"inLanguage":"en-US","potentialAction":[{"@type":"CommentAction","name":"Comment","target":["https:\/\/sendanoticiosa.com\/index.php\/2026\/09\/03\/se-mantiene-nissan-como-lider-en-ventas-de-mexico\/#respond"]}]},{"@type":"WebPage","@id":"https:\/\/sendanoticiosa.com\/index.php\/2026\/09\/03\/se-mantiene-nissan-como-lider-en-ventas-de-mexico\/","url":"https:\/\/sendanoticiosa.com\/index.php\/2026\/09\/03\/se-mantiene-nissan-como-lider-en-ventas-de-mexico\/","name":"Se mantiene Nissan como l\u00edder en ventas de M\u00e9xico - Senda Noticiosa","isPartOf":{"@id":"https:\/\/sendanoticiosa.com\/#website"},"primaryImageOfPage":{"@id":"https:\/\/sendanoticiosa.com\/index.php\/2026\/09\/03\/se-mantiene-nissan-como-lider-en-ventas-de-mexico\/#primaryimage"},"image":{"@id":"https:\/\/sendanoticiosa.com\/index.php\/2026\/09\/03\/se-mantiene-nissan-como-lider-en-ventas-de-mexico\/#primaryimage"},"thumbnailUrl":"https:\/\/sendanoticiosa.com\/wp-content\/uploads\/2026\/09\/nissan-primer-lugar-en-ventas-de-mex_1-16954901_20260903154940.jpg","datePublished":"2026-09-03T18:29:43+00:00","author":{"@id":"https:\/\/sendanoticiosa.com\/#\/schema\/person\/6a5e18c406e3c548ddb81189cc6ae63d"},"breadcrumb":{"@id":"https:\/\/sendanoticiosa.com\/index.php\/2026\/09\/03\/se-mantiene-nissan-como-lider-en-ventas-de-mexico\/#breadcrumb"},"inLanguage":"en-US","potentialAction":[{"@type":"ReadAction","target":["https:\/\/sendanoticiosa.com\/index.php\/2026\/09\/03\/se-mantiene-nissan-como-lider-en-ventas-de-mexico\/"]}]},{"@type":"ImageObject","inLanguage":"en-US","@id":"https:\/\/sendanoticiosa.com\/index.php\/2026\/09\/03\/se-mantiene-nissan-como-lider-en-ventas-de-mexico\/#primaryimage","url":"https:\/\/sendanoticiosa.com\/wp-content\/uploads\/2026\/09\/nissan-primer-lugar-en-ventas-de-mex_1-16954901_20260903154940.jpg","contentUrl":"https:\/\/sendanoticiosa.com\/wp-content\/uploads\/2026\/09\/nissan-primer-lugar-en-ventas-de-mex_1-16954901_20260903154940.jpg","width":1200,"height":675},{"@type":"BreadcrumbList","@id":"https:\/\/sendanoticiosa.com\/index.php\/2026\/09\/03\/se-mantiene-nissan-como-lider-en-ventas-de-mexico\/#breadcrumb","itemListElement":[{"@type":"ListItem","position":1,"name":"Portada","item":"https:\/\/sendanoticiosa.com\/"},{"@type":"ListItem","position":2,"name":"Se mantiene Nissan como l\u00edder en ventas de M\u00e9xico"}]},{"@type":"WebSite","@id":"https:\/\/sendanoticiosa.com\/#website","url":"https:\/\/sendanoticiosa.com\/","name":"Senda Noticiosa","description":"","potentialAction":[{"@type":"SearchAction","target":{"@type":"EntryPoint","urlTemplate":"https:\/\/sendanoticiosa.com\/?s={search_term_string}"},"query-input":{"@type":"PropertyValueSpecification","valueRequired":true,"valueName":"search_term_string"}}],"inLanguage":"en-US"},{"@type":"Person","@id":"https:\/\/sendanoticiosa.com\/#\/schema\/person\/6a5e18c406e3c548ddb81189cc6ae63d","name":"sendanoticom","image":{"@type":"ImageObject","inLanguage":"en-US","@id":"https:\/\/secure.gravatar.com\/avatar\/ba34ef5c85a7337be858cab52ef8a3ec8e6226b79910ac1660585e274b4a4314?s=96&d=mm&r=g","url":"https:\/\/secure.gravatar.com\/avatar\/ba34ef5c85a7337be858cab52ef8a3ec8e6226b79910ac1660585e274b4a4314?s=96&d=mm&r=g","contentUrl":"https:\/\/secure.gravatar.com\/avatar\/ba34ef5c85a7337be858cab52ef8a3ec8e6226b79910ac1660585e274b4a4314?s=96&d=mm&r=g","caption":"sendanoticom"},"sameAs":["https:\/\/sendanoticiosa.com"],"url":"https:\/\/sendanoticiosa.com\/index.php\/author\/sendanoticom\/"}]}},"_links":{"self":[{"href":"https:\/\/sendanoticiosa.com\/index.php\/wp-json\/wp\/v2\/posts\/8538","targetHints":{"allow":["GET"]}}],"collection":[{"href":"https:\/\/sendanoticiosa.com\/index.php\/wp-json\/wp\/v2\/posts"}],"about":[{"href":"https:\/\/sendanoticiosa.com\/index.php\/wp-json\/wp\/v2\/types\/post"}],"author":[{"embeddable":true,"href":"https:\/\/sendanoticiosa.com\/index.php\/wp-json\/wp\/v2\/users\/1"}],"replies":[{"embeddable":true,"href":"https:\/\/sendanoticiosa.com\/index.php\/wp-json\/wp\/v2\/comments?post=8538"}],"version-history":[{"count":1,"href":"https:\/\/sendanoticiosa.com\/index.php\/wp-json\/wp\/v2\/posts\/8538\/revisions"}],"predecessor-version":[{"id":8540,"href":"https:\/\/sendanoticiosa.com\/index.php\/wp-json\/wp\/v2\/posts\/8538\/revisions\/8540"}],"wp:featuredmedia":[{"embeddable":true,"href":"https:\/\/sendanoticiosa.com\/index.php\/wp-json\/wp\/v2\/media\/8539"}],"wp:attachment":[{"href":"https:\/\/sendanoticiosa.com\/index.php\/wp-json\/wp\/v2\/media?parent=8538"}],"wp:term":[{"taxonomy":"category","embeddable":true,"href":"https:\/\/sendanoticiosa.com\/index.php\/wp-json\/wp\/v2\/categories?post=8538"},{"taxonomy":"post_tag","embeddable":true,"href":"https:\/\/sendanoticiosa.com\/index.php\/wp-json\/wp\/v2\/tags?post=8538"}],"curies":[{"name":"wp","href":"https:\/\/api.w.org\/{rel}","templated":true}]}}