{"id":8551,"date":"2026-09-05T07:02:24","date_gmt":"2026-09-05T05:02:24","guid":{"rendered":"https:\/\/sendanoticiosa.com\/index.php\/2026\/09\/05\/cruz-azul-pierde-poder-ofensivo-operan-a-delantero-y-sufre-baja-para-juego-contra-santos-en-liga-mx\/"},"modified":"2026-09-05T07:02:24","modified_gmt":"2026-09-05T05:02:24","slug":"cruz-azul-pierde-poder-ofensivo-operan-a-delantero-y-sufre-baja-para-juego-contra-santos-en-liga-mx","status":"publish","type":"post","link":"https:\/\/sendanoticiosa.com\/index.php\/2026\/09\/05\/cruz-azul-pierde-poder-ofensivo-operan-a-delantero-y-sufre-baja-para-juego-contra-santos-en-liga-mx\/","title":{"rendered":"Cruz Azul pierde poder ofensivo: operan a delantero y sufre baja para juego contra Santos en Liga MX"},"content":{"rendered":"<p>El joven delantero de La M\u00e1quina, Mateo Levy, estar\u00e1 fuera indefinidamente. Mostrar comentarios 0 Como si no tuvieran ya suficientes problemas entre el drama de la salida-no salida de Erik Lira, rumores de rompimientos internos y m\u00e1s, ahora Cruz Azul pierde m\u00e1s poder ofensivo de cara a su encuentro con Santos Laguna. La baja de una promesa El delantero de 19 a\u00f1os qued\u00f3 bajo la supervisi\u00f3n del cuerpo m\u00e9dico cementero, que se encargar\u00e1 de acompa\u00f1arlo durante todo el proceso de rehabilitaci\u00f3n. Por ahora, La M\u00e1quina no estableci\u00f3 un tiempo espec\u00edfico de baja. El regreso depender\u00e1 de la evoluci\u00f3n del jugador&#8230;<\/p>\n<p>Fuente: <a href=\"https:\/\/www.marca.com\/mx\/futbol\/liga-mx\/2026\/09\/04\/cruz-azul-pierde-ofensivo-operan-delantero-sufre-baja-juego-santos-liga-mx.html\" target=\"_blank\" rel=\"nofollow noopener\">https:\/\/www.marca.com\/mx\/futbol\/liga-mx\/2026\/09\/04\/cruz-azul-pierde-ofensivo-operan-delantero-sufre-baja-juego-santos-liga-mx.html<\/a><\/p>\n","protected":false},"excerpt":{"rendered":"<p>El joven delantero de La M\u00e1quina, Mateo Levy, estar\u00e1 fuera indefinidamente. Mostrar comentarios 0 Como si no tuvieran ya suficientes problemas entre el drama de la salida-no salida de Erik Lira, rumores de rompimientos internos y m\u00e1s, ahora Cruz Azul pierde m\u00e1s poder ofensivo de cara a su encuentro con Santos Laguna. La baja de [&hellip;]<\/p>\n","protected":false},"author":0,"featured_media":8552,"comment_status":"open","ping_status":"open","sticky":false,"template":"","format":"standard","meta":{"inline_featured_image":false,"footnotes":""},"categories":[62],"tags":[],"class_list":["post-8551","post","type-post","status-publish","format-standard","has-post-thumbnail","hentry","category-deportes"],"yoast_head":"<!-- This site is optimized with the Yoast SEO plugin v28.4 - https:\/\/yoast.com\/product\/yoast-seo-wordpress\/ -->\n<title>Cruz Azul pierde poder ofensivo: operan a delantero y sufre baja para juego contra Santos en Liga MX - Senda Noticiosa<\/title>\n<meta name=\"robots\" content=\"index, follow, max-snippet:-1, max-image-preview:large, max-video-preview:-1\" \/>\n<link rel=\"canonical\" href=\"https:\/\/sendanoticiosa.com\/index.php\/2026\/09\/05\/cruz-azul-pierde-poder-ofensivo-operan-a-delantero-y-sufre-baja-para-juego-contra-santos-en-liga-mx\/\" \/>\n<meta property=\"og:locale\" content=\"en_US\" \/>\n<meta property=\"og:type\" content=\"article\" \/>\n<meta property=\"og:title\" content=\"Cruz Azul pierde poder ofensivo: operan a delantero y sufre baja para juego contra Santos en Liga MX - Senda Noticiosa\" \/>\n<meta property=\"og:description\" content=\"El joven delantero de La M\u00e1quina, Mateo Levy, estar\u00e1 fuera indefinidamente. Mostrar comentarios 0 Como si no tuvieran ya suficientes problemas entre el drama de la salida-no salida de Erik Lira, rumores de rompimientos internos y m\u00e1s, ahora Cruz Azul pierde m\u00e1s poder ofensivo de cara a su encuentro con Santos Laguna. La baja de [&hellip;]\" \/>\n<meta property=\"og:url\" content=\"https:\/\/sendanoticiosa.com\/index.php\/2026\/09\/05\/cruz-azul-pierde-poder-ofensivo-operan-a-delantero-y-sufre-baja-para-juego-contra-santos-en-liga-mx\/\" \/>\n<meta property=\"og:site_name\" content=\"Senda Noticiosa\" \/>\n<meta property=\"article:published_time\" content=\"2026-09-05T05:02:24+00:00\" \/>\n<meta name=\"twitter:card\" content=\"summary_large_image\" \/>\n<meta name=\"twitter:label1\" content=\"Est. reading time\" \/>\n\t<meta name=\"twitter:data1\" content=\"1 minute\" \/>\n<script type=\"application\/ld+json\" class=\"yoast-schema-graph\">{\"@context\":\"https:\\\/\\\/schema.org\",\"@graph\":[{\"@type\":\"Article\",\"@id\":\"https:\\\/\\\/sendanoticiosa.com\\\/index.php\\\/2026\\\/09\\\/05\\\/cruz-azul-pierde-poder-ofensivo-operan-a-delantero-y-sufre-baja-para-juego-contra-santos-en-liga-mx\\\/#article\",\"isPartOf\":{\"@id\":\"https:\\\/\\\/sendanoticiosa.com\\\/index.php\\\/2026\\\/09\\\/05\\\/cruz-azul-pierde-poder-ofensivo-operan-a-delantero-y-sufre-baja-para-juego-contra-santos-en-liga-mx\\\/\"},\"author\":{\"name\":\"\",\"@id\":\"\"},\"headline\":\"Cruz Azul pierde poder ofensivo: operan a delantero y sufre baja para juego contra Santos en Liga MX\",\"datePublished\":\"2026-09-05T05:02:24+00:00\",\"mainEntityOfPage\":{\"@id\":\"https:\\\/\\\/sendanoticiosa.com\\\/index.php\\\/2026\\\/09\\\/05\\\/cruz-azul-pierde-poder-ofensivo-operan-a-delantero-y-sufre-baja-para-juego-contra-santos-en-liga-mx\\\/\"},\"wordCount\":137,\"commentCount\":0,\"image\":{\"@id\":\"https:\\\/\\\/sendanoticiosa.com\\\/index.php\\\/2026\\\/09\\\/05\\\/cruz-azul-pierde-poder-ofensivo-operan-a-delantero-y-sufre-baja-para-juego-contra-santos-en-liga-mx\\\/#primaryimage\"},\"thumbnailUrl\":\"https:\\\/\\\/sendanoticiosa.com\\\/wp-content\\\/uploads\\\/2026\\\/09\\\/TY1gcYwkddmCOp.jpeg\",\"articleSection\":[\"Deportes\"],\"inLanguage\":\"en-US\",\"potentialAction\":[{\"@type\":\"CommentAction\",\"name\":\"Comment\",\"target\":[\"https:\\\/\\\/sendanoticiosa.com\\\/index.php\\\/2026\\\/09\\\/05\\\/cruz-azul-pierde-poder-ofensivo-operan-a-delantero-y-sufre-baja-para-juego-contra-santos-en-liga-mx\\\/#respond\"]}]},{\"@type\":\"WebPage\",\"@id\":\"https:\\\/\\\/sendanoticiosa.com\\\/index.php\\\/2026\\\/09\\\/05\\\/cruz-azul-pierde-poder-ofensivo-operan-a-delantero-y-sufre-baja-para-juego-contra-santos-en-liga-mx\\\/\",\"url\":\"https:\\\/\\\/sendanoticiosa.com\\\/index.php\\\/2026\\\/09\\\/05\\\/cruz-azul-pierde-poder-ofensivo-operan-a-delantero-y-sufre-baja-para-juego-contra-santos-en-liga-mx\\\/\",\"name\":\"Cruz Azul pierde poder ofensivo: operan a delantero y sufre baja para juego contra Santos en Liga MX - Senda Noticiosa\",\"isPartOf\":{\"@id\":\"https:\\\/\\\/sendanoticiosa.com\\\/#website\"},\"primaryImageOfPage\":{\"@id\":\"https:\\\/\\\/sendanoticiosa.com\\\/index.php\\\/2026\\\/09\\\/05\\\/cruz-azul-pierde-poder-ofensivo-operan-a-delantero-y-sufre-baja-para-juego-contra-santos-en-liga-mx\\\/#primaryimage\"},\"image\":{\"@id\":\"https:\\\/\\\/sendanoticiosa.com\\\/index.php\\\/2026\\\/09\\\/05\\\/cruz-azul-pierde-poder-ofensivo-operan-a-delantero-y-sufre-baja-para-juego-contra-santos-en-liga-mx\\\/#primaryimage\"},\"thumbnailUrl\":\"https:\\\/\\\/sendanoticiosa.com\\\/wp-content\\\/uploads\\\/2026\\\/09\\\/TY1gcYwkddmCOp.jpeg\",\"datePublished\":\"2026-09-05T05:02:24+00:00\",\"author\":{\"@id\":\"\"},\"breadcrumb\":{\"@id\":\"https:\\\/\\\/sendanoticiosa.com\\\/index.php\\\/2026\\\/09\\\/05\\\/cruz-azul-pierde-poder-ofensivo-operan-a-delantero-y-sufre-baja-para-juego-contra-santos-en-liga-mx\\\/#breadcrumb\"},\"inLanguage\":\"en-US\",\"potentialAction\":[{\"@type\":\"ReadAction\",\"target\":[\"https:\\\/\\\/sendanoticiosa.com\\\/index.php\\\/2026\\\/09\\\/05\\\/cruz-azul-pierde-poder-ofensivo-operan-a-delantero-y-sufre-baja-para-juego-contra-santos-en-liga-mx\\\/\"]}]},{\"@type\":\"ImageObject\",\"inLanguage\":\"en-US\",\"@id\":\"https:\\\/\\\/sendanoticiosa.com\\\/index.php\\\/2026\\\/09\\\/05\\\/cruz-azul-pierde-poder-ofensivo-operan-a-delantero-y-sufre-baja-para-juego-contra-santos-en-liga-mx\\\/#primaryimage\",\"url\":\"https:\\\/\\\/sendanoticiosa.com\\\/wp-content\\\/uploads\\\/2026\\\/09\\\/TY1gcYwkddmCOp.jpeg\",\"contentUrl\":\"https:\\\/\\\/sendanoticiosa.com\\\/wp-content\\\/uploads\\\/2026\\\/09\\\/TY1gcYwkddmCOp.jpeg\",\"width\":1200,\"height\":675,\"caption\":\"Cruz Azul pierde poder ofensivo: operan a delantero y sufre baja para juego contra Santos en Liga MX\"},{\"@type\":\"BreadcrumbList\",\"@id\":\"https:\\\/\\\/sendanoticiosa.com\\\/index.php\\\/2026\\\/09\\\/05\\\/cruz-azul-pierde-poder-ofensivo-operan-a-delantero-y-sufre-baja-para-juego-contra-santos-en-liga-mx\\\/#breadcrumb\",\"itemListElement\":[{\"@type\":\"ListItem\",\"position\":1,\"name\":\"Portada\",\"item\":\"https:\\\/\\\/sendanoticiosa.com\\\/\"},{\"@type\":\"ListItem\",\"position\":2,\"name\":\"Cruz Azul pierde poder ofensivo: operan a delantero y sufre baja para juego contra Santos en Liga MX\"}]},{\"@type\":\"WebSite\",\"@id\":\"https:\\\/\\\/sendanoticiosa.com\\\/#website\",\"url\":\"https:\\\/\\\/sendanoticiosa.com\\\/\",\"name\":\"Senda Noticiosa\",\"description\":\"\",\"potentialAction\":[{\"@type\":\"SearchAction\",\"target\":{\"@type\":\"EntryPoint\",\"urlTemplate\":\"https:\\\/\\\/sendanoticiosa.com\\\/?s={search_term_string}\"},\"query-input\":{\"@type\":\"PropertyValueSpecification\",\"valueRequired\":true,\"valueName\":\"search_term_string\"}}],\"inLanguage\":\"en-US\"}]}<\/script>\n<!-- \/ Yoast SEO plugin. -->","yoast_head_json":{"title":"Cruz Azul pierde poder ofensivo: operan a delantero y sufre baja para juego contra Santos en Liga MX - Senda Noticiosa","robots":{"index":"index","follow":"follow","max-snippet":"max-snippet:-1","max-image-preview":"max-image-preview:large","max-video-preview":"max-video-preview:-1"},"canonical":"https:\/\/sendanoticiosa.com\/index.php\/2026\/09\/05\/cruz-azul-pierde-poder-ofensivo-operan-a-delantero-y-sufre-baja-para-juego-contra-santos-en-liga-mx\/","og_locale":"en_US","og_type":"article","og_title":"Cruz Azul pierde poder ofensivo: operan a delantero y sufre baja para juego contra Santos en Liga MX - Senda Noticiosa","og_description":"El joven delantero de La M\u00e1quina, Mateo Levy, estar\u00e1 fuera indefinidamente. Mostrar comentarios 0 Como si no tuvieran ya suficientes problemas entre el drama de la salida-no salida de Erik Lira, rumores de rompimientos internos y m\u00e1s, ahora Cruz Azul pierde m\u00e1s poder ofensivo de cara a su encuentro con Santos Laguna. La baja de [&hellip;]","og_url":"https:\/\/sendanoticiosa.com\/index.php\/2026\/09\/05\/cruz-azul-pierde-poder-ofensivo-operan-a-delantero-y-sufre-baja-para-juego-contra-santos-en-liga-mx\/","og_site_name":"Senda Noticiosa","article_published_time":"2026-09-05T05:02:24+00:00","twitter_card":"summary_large_image","twitter_misc":{"Est. reading time":"1 minute"},"schema":{"@context":"https:\/\/schema.org","@graph":[{"@type":"Article","@id":"https:\/\/sendanoticiosa.com\/index.php\/2026\/09\/05\/cruz-azul-pierde-poder-ofensivo-operan-a-delantero-y-sufre-baja-para-juego-contra-santos-en-liga-mx\/#article","isPartOf":{"@id":"https:\/\/sendanoticiosa.com\/index.php\/2026\/09\/05\/cruz-azul-pierde-poder-ofensivo-operan-a-delantero-y-sufre-baja-para-juego-contra-santos-en-liga-mx\/"},"author":{"name":"","@id":""},"headline":"Cruz Azul pierde poder ofensivo: operan a delantero y sufre baja para juego contra Santos en Liga MX","datePublished":"2026-09-05T05:02:24+00:00","mainEntityOfPage":{"@id":"https:\/\/sendanoticiosa.com\/index.php\/2026\/09\/05\/cruz-azul-pierde-poder-ofensivo-operan-a-delantero-y-sufre-baja-para-juego-contra-santos-en-liga-mx\/"},"wordCount":137,"commentCount":0,"image":{"@id":"https:\/\/sendanoticiosa.com\/index.php\/2026\/09\/05\/cruz-azul-pierde-poder-ofensivo-operan-a-delantero-y-sufre-baja-para-juego-contra-santos-en-liga-mx\/#primaryimage"},"thumbnailUrl":"https:\/\/sendanoticiosa.com\/wp-content\/uploads\/2026\/09\/TY1gcYwkddmCOp.jpeg","articleSection":["Deportes"],"inLanguage":"en-US","potentialAction":[{"@type":"CommentAction","name":"Comment","target":["https:\/\/sendanoticiosa.com\/index.php\/2026\/09\/05\/cruz-azul-pierde-poder-ofensivo-operan-a-delantero-y-sufre-baja-para-juego-contra-santos-en-liga-mx\/#respond"]}]},{"@type":"WebPage","@id":"https:\/\/sendanoticiosa.com\/index.php\/2026\/09\/05\/cruz-azul-pierde-poder-ofensivo-operan-a-delantero-y-sufre-baja-para-juego-contra-santos-en-liga-mx\/","url":"https:\/\/sendanoticiosa.com\/index.php\/2026\/09\/05\/cruz-azul-pierde-poder-ofensivo-operan-a-delantero-y-sufre-baja-para-juego-contra-santos-en-liga-mx\/","name":"Cruz Azul pierde poder ofensivo: operan a delantero y sufre baja para juego contra Santos en Liga MX - Senda Noticiosa","isPartOf":{"@id":"https:\/\/sendanoticiosa.com\/#website"},"primaryImageOfPage":{"@id":"https:\/\/sendanoticiosa.com\/index.php\/2026\/09\/05\/cruz-azul-pierde-poder-ofensivo-operan-a-delantero-y-sufre-baja-para-juego-contra-santos-en-liga-mx\/#primaryimage"},"image":{"@id":"https:\/\/sendanoticiosa.com\/index.php\/2026\/09\/05\/cruz-azul-pierde-poder-ofensivo-operan-a-delantero-y-sufre-baja-para-juego-contra-santos-en-liga-mx\/#primaryimage"},"thumbnailUrl":"https:\/\/sendanoticiosa.com\/wp-content\/uploads\/2026\/09\/TY1gcYwkddmCOp.jpeg","datePublished":"2026-09-05T05:02:24+00:00","author":{"@id":""},"breadcrumb":{"@id":"https:\/\/sendanoticiosa.com\/index.php\/2026\/09\/05\/cruz-azul-pierde-poder-ofensivo-operan-a-delantero-y-sufre-baja-para-juego-contra-santos-en-liga-mx\/#breadcrumb"},"inLanguage":"en-US","potentialAction":[{"@type":"ReadAction","target":["https:\/\/sendanoticiosa.com\/index.php\/2026\/09\/05\/cruz-azul-pierde-poder-ofensivo-operan-a-delantero-y-sufre-baja-para-juego-contra-santos-en-liga-mx\/"]}]},{"@type":"ImageObject","inLanguage":"en-US","@id":"https:\/\/sendanoticiosa.com\/index.php\/2026\/09\/05\/cruz-azul-pierde-poder-ofensivo-operan-a-delantero-y-sufre-baja-para-juego-contra-santos-en-liga-mx\/#primaryimage","url":"https:\/\/sendanoticiosa.com\/wp-content\/uploads\/2026\/09\/TY1gcYwkddmCOp.jpeg","contentUrl":"https:\/\/sendanoticiosa.com\/wp-content\/uploads\/2026\/09\/TY1gcYwkddmCOp.jpeg","width":1200,"height":675,"caption":"Cruz Azul pierde poder ofensivo: operan a delantero y sufre baja para juego contra Santos en Liga MX"},{"@type":"BreadcrumbList","@id":"https:\/\/sendanoticiosa.com\/index.php\/2026\/09\/05\/cruz-azul-pierde-poder-ofensivo-operan-a-delantero-y-sufre-baja-para-juego-contra-santos-en-liga-mx\/#breadcrumb","itemListElement":[{"@type":"ListItem","position":1,"name":"Portada","item":"https:\/\/sendanoticiosa.com\/"},{"@type":"ListItem","position":2,"name":"Cruz Azul pierde poder ofensivo: operan a delantero y sufre baja para juego contra Santos en Liga MX"}]},{"@type":"WebSite","@id":"https:\/\/sendanoticiosa.com\/#website","url":"https:\/\/sendanoticiosa.com\/","name":"Senda Noticiosa","description":"","potentialAction":[{"@type":"SearchAction","target":{"@type":"EntryPoint","urlTemplate":"https:\/\/sendanoticiosa.com\/?s={search_term_string}"},"query-input":{"@type":"PropertyValueSpecification","valueRequired":true,"valueName":"search_term_string"}}],"inLanguage":"en-US"}]}},"_links":{"self":[{"href":"https:\/\/sendanoticiosa.com\/index.php\/wp-json\/wp\/v2\/posts\/8551","targetHints":{"allow":["GET"]}}],"collection":[{"href":"https:\/\/sendanoticiosa.com\/index.php\/wp-json\/wp\/v2\/posts"}],"about":[{"href":"https:\/\/sendanoticiosa.com\/index.php\/wp-json\/wp\/v2\/types\/post"}],"replies":[{"embeddable":true,"href":"https:\/\/sendanoticiosa.com\/index.php\/wp-json\/wp\/v2\/comments?post=8551"}],"version-history":[{"count":0,"href":"https:\/\/sendanoticiosa.com\/index.php\/wp-json\/wp\/v2\/posts\/8551\/revisions"}],"wp:featuredmedia":[{"embeddable":true,"href":"https:\/\/sendanoticiosa.com\/index.php\/wp-json\/wp\/v2\/media\/8552"}],"wp:attachment":[{"href":"https:\/\/sendanoticiosa.com\/index.php\/wp-json\/wp\/v2\/media?parent=8551"}],"wp:term":[{"taxonomy":"category","embeddable":true,"href":"https:\/\/sendanoticiosa.com\/index.php\/wp-json\/wp\/v2\/categories?post=8551"},{"taxonomy":"post_tag","embeddable":true,"href":"https:\/\/sendanoticiosa.com\/index.php\/wp-json\/wp\/v2\/tags?post=8551"}],"curies":[{"name":"wp","href":"https:\/\/api.w.org\/{rel}","templated":true}]}}